{"id":4612,"date":"2021-03-29T12:50:04","date_gmt":"2021-03-29T15:50:04","guid":{"rendered":"http:\/\/www.santaritadopassaquatro.sp.gov.br\/portal\/?p=4612"},"modified":"2021-05-11T12:50:55","modified_gmt":"2021-05-11T15:50:55","slug":"operacao-corta-fogo","status":"publish","type":"post","link":"https:\/\/www.santaritadopassaquatro.sp.gov.br\/portal\/operacao-corta-fogo\/","title":{"rendered":"Opera\u00e7\u00e3o Corta-Fogo"},"content":{"rendered":"<p class=\"v1MsoNormal\">O Departamento de Agricultura e Meio Ambiente criou no munic\u00edpio o Plano de Aux\u00edlio Mutuo (PAM) e Rede Integrada de Emerg\u00eancia (RINEM), que reune diversas frentes do munic\u00edpio e forma uma nova equipe \u201cCORTA FOGO\u201d, que neste ano trabalhar\u00e1 em parceria no combate \u00e0 inc\u00eandios e queimadas no munic\u00edpio e arredores. As frentes que comp\u00f5em a equipe s\u00e3o: DAMA, DSM, Arteris (Intervias), Pol\u00edcia Militar Florestal, Horto Florestal, Parque Vassununga, Grupo Eco4, o grupo de ciclistas Ktrak do Abreu, Usina Santa Rita, Usina Ferrari, Bombeiros Civis, Defesa Civil, Sindicato Rural, Mun\u00edcipes e Propriet\u00e1rios Rurais volunt\u00e1rios. O objetivo \u00e9 termos um grupo que tenha equipamento e um grande n\u00famero de pessoas envolvidas, de todas as regi\u00f5es da cidade. Desta forma, a informa\u00e7\u00e3o sobre os inc\u00eandios ser\u00e1 passada o mais r\u00e1pido poss\u00edvel e o combate ser feito com mais efici\u00eancia e rapidez. No dia 29 de mar\u00e7o, a\u00a0 equipe do DAMA recebeu um treinamento oferecido pelo Minist\u00e9rio de Infraestrutura e Meio Ambiente do Estado de S\u00e3o Paulo sobre Opera\u00e7\u00e3o Corta-Fogo, Opera\u00e7\u00e3o e combate a Inc\u00eandios Florestais em RPPN.<\/p>\n<p class=\"v1MsoNormal\">\n<p class=\"v1MsoNormal\">Objetivos do PAM\/RINEM<\/p>\n<p class=\"v1MsoNormal\">\n<p class=\"v1MsoListParagraphCxSpFirst\">\u00b7\u00a0\u00a0\u00a0\u00a0\u00a0\u00a0\u00a0\u00a0\u00a0Atuar na redu\u00e7\u00e3o dos riscos e na preven\u00e7\u00e3o de ocorr\u00eancias.<\/p>\n<p class=\"v1MsoListParagraphCxSpMiddle\">\u00b7\u00a0\u00a0\u00a0\u00a0\u00a0\u00a0\u00a0\u00a0\u00a0Reunir recursos e assegurar maior efici\u00eancia no atendimento de emerg\u00eancias dentro de uma determinada regi\u00e3o.<\/p>\n<p class=\"v1MsoListParagraphCxSpMiddle\">\u00b7\u00a0\u00a0\u00a0\u00a0\u00a0\u00a0\u00a0\u00a0\u00a0Definir a\u00e7\u00f5es r\u00e1pidas, eficientes e coordenadas para o atendimento de casos de emerg\u00eancia.<\/p>\n<p class=\"v1MsoListParagraphCxSpLast\">\u00b7\u00a0\u00a0\u00a0\u00a0\u00a0\u00a0\u00a0\u00a0\u00a0Proporcionar aprimoramento t\u00e9cnico, integra\u00e7\u00e3o entre os participantes, troca de informa\u00e7\u00f5es e conhecimento dos riscos potenciais de desastres na regi\u00e3o de abrang\u00eancia.<\/p>\n<p class=\"v1MsoNormal\">\n<p class=\"v1MsoNormal\">No total foram confirmadas\u00a0<b>80<\/b>\u00a0pessoas, o departamento frisa que a participa\u00e7\u00e3o da popula\u00e7\u00e3o \u00e9 de extrema import\u00e2ncia. Para aqueles que querem se voluntariar, \u00e9 necess\u00e1rio realizar o cadastro no Departamento de Agricultura e Meio Ambiente, o cadastro pode ser realizado atrav\u00e9s dos telefones (19) 3582-9004 e 3582-9007.<\/p>\n<p class=\"v1MsoNormal\">\n","protected":false},"excerpt":{"rendered":"<p>O Departamento de Agricultura e Meio Ambiente criou no munic\u00edpio o Plano de Aux\u00edlio Mutuo (PAM) e Rede Integrada de<\/p>\n","protected":false},"author":1,"featured_media":4613,"comment_status":"closed","ping_status":"open","sticky":false,"template":"","format":"standard","meta":{"footnotes":""},"categories":[53],"tags":[],"class_list":["post-4612","post","type-post","status-publish","format-standard","has-post-thumbnail","hentry","category-meio-ambiente"],"_links":{"self":[{"href":"https:\/\/www.santaritadopassaquatro.sp.gov.br\/portal\/wp-json\/wp\/v2\/posts\/4612","targetHints":{"allow":["GET"]}}],"collection":[{"href":"https:\/\/www.santaritadopassaquatro.sp.gov.br\/portal\/wp-json\/wp\/v2\/posts"}],"about":[{"href":"https:\/\/www.santaritadopassaquatro.sp.gov.br\/portal\/wp-json\/wp\/v2\/types\/post"}],"author":[{"embeddable":true,"href":"https:\/\/www.santaritadopassaquatro.sp.gov.br\/portal\/wp-json\/wp\/v2\/users\/1"}],"replies":[{"embeddable":true,"href":"https:\/\/www.santaritadopassaquatro.sp.gov.br\/portal\/wp-json\/wp\/v2\/comments?post=4612"}],"version-history":[{"count":1,"href":"https:\/\/www.santaritadopassaquatro.sp.gov.br\/portal\/wp-json\/wp\/v2\/posts\/4612\/revisions"}],"predecessor-version":[{"id":4614,"href":"https:\/\/www.santaritadopassaquatro.sp.gov.br\/portal\/wp-json\/wp\/v2\/posts\/4612\/revisions\/4614"}],"wp:featuredmedia":[{"embeddable":true,"href":"https:\/\/www.santaritadopassaquatro.sp.gov.br\/portal\/wp-json\/wp\/v2\/media\/4613"}],"wp:attachment":[{"href":"https:\/\/www.santaritadopassaquatro.sp.gov.br\/portal\/wp-json\/wp\/v2\/media?parent=4612"}],"wp:term":[{"taxonomy":"category","embeddable":true,"href":"https:\/\/www.santaritadopassaquatro.sp.gov.br\/portal\/wp-json\/wp\/v2\/categories?post=4612"},{"taxonomy":"post_tag","embeddable":true,"href":"https:\/\/www.santaritadopassaquatro.sp.gov.br\/portal\/wp-json\/wp\/v2\/tags?post=4612"}],"curies":[{"name":"wp","href":"https:\/\/api.w.org\/{rel}","templated":true}]}}