{"id":4620,"date":"2021-05-18T12:55:40","date_gmt":"2021-05-18T15:55:40","guid":{"rendered":"http:\/\/www.santaritadopassaquatro.sp.gov.br\/portal\/?p=4620"},"modified":"2021-06-28T20:36:47","modified_gmt":"2021-06-28T23:36:47","slug":"atribuicao-de-aulas-27","status":"publish","type":"post","link":"https:\/\/www.santaritadopassaquatro.sp.gov.br\/portal\/atribuicao-de-aulas-27\/","title":{"rendered":"ATRIBUI\u00c7\u00c3O DE AULAS"},"content":{"rendered":"<p><strong>ATRIBUI\u00c7\u00c3O DE AULAS<\/strong><\/p>\n<table width=\"708\">\n<tbody>\n<tr>\n<td width=\"123\"><strong>SALAS\/<\/strong><\/p>\n<p><strong>DISCIPLINAS<\/strong><\/td>\n<td width=\"302\"><strong>\u00a0<\/strong><\/p>\n<p><strong>AULAS<\/strong><\/p>\n<p><strong>\u00a0<\/strong><\/td>\n<td width=\"113\"><strong>PERIODO<\/strong><\/p>\n<p><strong>\u00a0<\/strong><\/td>\n<td width=\"170\"><strong>EMEF<\/strong><\/td>\n<\/tr>\n<tr>\n<td width=\"123\">&nbsp;<\/p>\n<p>&nbsp;<\/p>\n<p>&nbsp;<\/p>\n<p>ARTE<\/td>\n<td width=\"302\">Em virtude da desist\u00eancia da Prof\u00aa Ana Paula Daniela Lastoria.<\/p>\n<p>&nbsp;<\/p>\n<p>20h\/aula+ 10 HTPs<\/p>\n<p>&nbsp;<\/p>\n<p>v\u00a0 Atendendo a Edital Especial IV 17\/05\/2021<\/p>\n<p>&nbsp;<\/td>\n<td width=\"113\">&nbsp;<\/p>\n<p>&nbsp;<\/p>\n<p>Tarde<\/td>\n<td width=\"170\">&nbsp;<\/p>\n<p>&nbsp;<\/p>\n<p>Madre Carmelita<\/td>\n<\/tr>\n<\/tbody>\n<\/table>\n<table width=\"708\">\n<tbody>\n<tr>\n<td width=\"123\"><strong>SALAS\/<\/strong><\/p>\n<p><strong>DISCIPLINAS<\/strong><\/td>\n<td width=\"302\"><strong>\u00a0<\/strong><\/p>\n<p><strong>AULAS<\/strong><\/p>\n<p><strong>\u00a0<\/strong><\/td>\n<td width=\"113\"><strong>PERIODO<\/strong><\/p>\n<p><strong>\u00a0<\/strong><\/td>\n<td width=\"170\"><strong>EMEF<\/strong><\/td>\n<\/tr>\n<tr>\n<td width=\"123\">&nbsp;<\/p>\n<p>&nbsp;<\/p>\n<p>&nbsp;<\/p>\n<p>INFORM\u00c1TICA<\/td>\n<td width=\"302\">Em virtude da desist\u00eancia da Prof\u00aa Danila Lara Marchetti Pio Gracioso.<\/p>\n<p>\u00b7\u00a0\u00a0\u00a0\u00a0\u00a0\u00a0\u00a0\u00a0 09h\/aulas<\/p>\n<p>&nbsp;<\/p>\n<p>\u00b7\u00a0\u00a0\u00a0\u00a0\u00a0\u00a0\u00a0\u00a0 05h\/aula<\/p>\n<p>\u00b7\u00a0\u00a0\u00a0\u00a0\u00a0\u00a0\u00a0\u00a0 06 h\/aula<\/p>\n<p>\u00b7\u00a0\u00a0\u00a0\u00a0\u00a0\u00a0\u00a0\u00a0 (Totalizando carga hor\u00e1ria 20h\/aula +10HTPs)<\/p>\n<p>&nbsp;<\/p>\n<p>v\u00a0 Atendendo a Edital Especial V, de 17\/05\/2021<\/p>\n<p>&nbsp;<\/td>\n<td width=\"113\">&nbsp;<\/p>\n<p>&nbsp;<\/p>\n<p>Manh\u00e3<\/p>\n<p>&nbsp;<\/p>\n<p>Manh\u00e3<\/p>\n<p>Tarde<\/td>\n<td width=\"170\">&nbsp;<\/p>\n<p>&nbsp;<\/p>\n<p>CAIC<\/p>\n<p>&nbsp;<\/p>\n<p>Jo\u00e3o Baptista (Estrela)<\/p>\n<p>&nbsp;<\/td>\n<\/tr>\n<\/tbody>\n<\/table>\n<table width=\"708\">\n<tbody>\n<tr>\n<td width=\"123\"><strong>SALAS\/<\/strong><\/p>\n<p><strong>DISCIPLINAS<\/strong><\/td>\n<td width=\"302\"><strong>\u00a0<\/strong><\/p>\n<p><strong>AULAS<\/strong><\/p>\n<p><strong>\u00a0<\/strong><\/td>\n<td width=\"113\"><strong>PERIODO<\/strong><\/p>\n<p><strong>\u00a0<\/strong><\/td>\n<td width=\"170\"><strong>EMEI<\/strong><\/td>\n<\/tr>\n<tr>\n<td width=\"123\">&nbsp;<\/p>\n<p>Projeto<\/p>\n<p>&nbsp;<\/p>\n<p>EDUCA\u00c7\u00c3O<\/p>\n<p>F\u00cdSICA<\/td>\n<td width=\"302\">Em virtude da desist\u00eancia do Prof. Hugo Fernando Glidiz.<\/p>\n<p>&nbsp;<\/p>\n<p>20h\/aulas + 10HTPs<\/p>\n<p>Ritmo e Movimentos<\/p>\n<p>&nbsp;<\/p>\n<p>v\u00a0 Atendendo a Edital Especial VI, de 17\/05\/2021<\/p>\n<p>&nbsp;<\/td>\n<td width=\"113\">&nbsp;<\/p>\n<p>&nbsp;<\/p>\n<p>Tarde<\/p>\n<p>&nbsp;<\/td>\n<td width=\"170\">&nbsp;<\/p>\n<p>&nbsp;<\/p>\n<p>Jo\u00e3o Ribaldo<\/p>\n<p>&nbsp;<\/td>\n<\/tr>\n<\/tbody>\n<\/table>\n<table width=\"680\">\n<tbody>\n<tr>\n<td width=\"116\"><strong>SALAS\/<br \/>\nDISCIPLINA<\/strong><\/td>\n<td width=\"326\"><strong>AULAS<\/strong><\/td>\n<td width=\"99\"><strong>PER\u00cdODO<\/strong><\/td>\n<td width=\"139\"><strong>EMEF<\/strong><\/td>\n<\/tr>\n<tr>\n<td width=\"116\">ARTE<\/td>\n<td width=\"326\">Em virtude da desist\u00eancia da Caroline Michelle Soares da Silva Bruno<\/td>\n<td width=\"99\">Manh\u00e3<\/td>\n<td width=\"139\">CAIC<\/td>\n<\/tr>\n<tr>\n<td width=\"116\"><\/td>\n<td width=\"326\">20 aulas + 10 HTPs \u2013 1\u00ba ao 5\u00ba ano<\/p>\n<p>&nbsp;<\/td>\n<td width=\"99\"><\/td>\n<td width=\"139\"><\/td>\n<\/tr>\n<tr>\n<td width=\"116\">Projeto<\/td>\n<td width=\"326\">10 aulas \u2013 Arte Recreativa<\/td>\n<td width=\"99\">Tarde<\/td>\n<td width=\"139\">Francisco Ribeiro<\/td>\n<\/tr>\n<tr>\n<td width=\"116\"><\/td>\n<td width=\"326\"><\/td>\n<td width=\"99\"><\/td>\n<td width=\"139\"><\/td>\n<\/tr>\n<tr>\n<td width=\"116\"><\/td>\n<td width=\"326\">v\u00a0 \u00a0Atendendo a Edital Especial IV 17\/05\/2021<\/td>\n<td width=\"99\"><\/td>\n<td width=\"139\"><\/td>\n<\/tr>\n<\/tbody>\n<\/table>\n<p>&nbsp;<\/p>\n<p>ANEXO:<\/p>\n<ul>\n<li><a href=\"http:\/\/www.santaritadopassaquatro.sp.gov.br\/portal\/wp-content\/uploads\/2021\/05\/Cronograma-de-atribui\u00e7\u00e3o_2021.pdf\" target=\"_blank\" rel=\"noopener\">Cronograma de atribui\u00e7\u00e3o_2021<\/a><\/li>\n<li><a href=\"http:\/\/www.santaritadopassaquatro.sp.gov.br\/portal\/wp-content\/uploads\/2021\/05\/Edital-Especial-Correto-19-05.pdf\" target=\"_blank\" rel=\"noopener\">Edital Especial Correto 19-05<\/a><\/li>\n<\/ul>\n<p>&nbsp;<\/p>\n","protected":false},"excerpt":{"rendered":"<p>ATRIBUI\u00c7\u00c3O DE AULAS SALAS\/ DISCIPLINAS \u00a0 AULAS \u00a0 PERIODO \u00a0 EMEF &nbsp; &nbsp; &nbsp; ARTE Em virtude da desist\u00eancia da<\/p>\n","protected":false},"author":1,"featured_media":0,"comment_status":"closed","ping_status":"open","sticky":false,"template":"","format":"standard","meta":{"footnotes":""},"categories":[33],"tags":[],"class_list":["post-4620","post","type-post","status-publish","format-standard","hentry","category-atribuicao-de-aulas"],"_links":{"self":[{"href":"https:\/\/www.santaritadopassaquatro.sp.gov.br\/portal\/wp-json\/wp\/v2\/posts\/4620","targetHints":{"allow":["GET"]}}],"collection":[{"href":"https:\/\/www.santaritadopassaquatro.sp.gov.br\/portal\/wp-json\/wp\/v2\/posts"}],"about":[{"href":"https:\/\/www.santaritadopassaquatro.sp.gov.br\/portal\/wp-json\/wp\/v2\/types\/post"}],"author":[{"embeddable":true,"href":"https:\/\/www.santaritadopassaquatro.sp.gov.br\/portal\/wp-json\/wp\/v2\/users\/1"}],"replies":[{"embeddable":true,"href":"https:\/\/www.santaritadopassaquatro.sp.gov.br\/portal\/wp-json\/wp\/v2\/comments?post=4620"}],"version-history":[{"count":3,"href":"https:\/\/www.santaritadopassaquatro.sp.gov.br\/portal\/wp-json\/wp\/v2\/posts\/4620\/revisions"}],"predecessor-version":[{"id":4627,"href":"https:\/\/www.santaritadopassaquatro.sp.gov.br\/portal\/wp-json\/wp\/v2\/posts\/4620\/revisions\/4627"}],"wp:attachment":[{"href":"https:\/\/www.santaritadopassaquatro.sp.gov.br\/portal\/wp-json\/wp\/v2\/media?parent=4620"}],"wp:term":[{"taxonomy":"category","embeddable":true,"href":"https:\/\/www.santaritadopassaquatro.sp.gov.br\/portal\/wp-json\/wp\/v2\/categories?post=4620"},{"taxonomy":"post_tag","embeddable":true,"href":"https:\/\/www.santaritadopassaquatro.sp.gov.br\/portal\/wp-json\/wp\/v2\/tags?post=4620"}],"curies":[{"name":"wp","href":"https:\/\/api.w.org\/{rel}","templated":true}]}}