{"id":463,"date":"2019-01-25T14:06:55","date_gmt":"2019-01-25T16:06:55","guid":{"rendered":"http:\/\/www.santaritadopassaquatro.sp.gov.br\/portal\/?p=463"},"modified":"2019-01-25T14:06:55","modified_gmt":"2019-01-25T16:06:55","slug":"programa-ferias-em-movimento-oferece-atividades-diversas-para-criancas","status":"publish","type":"post","link":"https:\/\/www.santaritadopassaquatro.sp.gov.br\/portal\/programa-ferias-em-movimento-oferece-atividades-diversas-para-criancas\/","title":{"rendered":"Programa F\u00e9rias em Movimento oferece atividades diversas para crian\u00e7as"},"content":{"rendered":"<p><strong><em>Recrea\u00e7\u00e3o, esportes, brincadeiras l\u00fadicas, passeios e palestras, s\u00e3o destinadas a crian\u00e7as e adolescentes residentes nos bairros de abrang\u00eancia do CRAS<\/em><\/strong><\/p>\n<p><strong><em>\u00a0<\/em><\/strong><\/p>\n<figure id=\"attachment_464\" aria-describedby=\"caption-attachment-464\" style=\"width: 300px\" class=\"wp-caption alignleft\"><img decoding=\"async\" class=\"wp-image-464 size-medium\" src=\"http:\/\/www.santaritadopassaquatro.sp.gov.br\/portal\/wp-content\/uploads\/2019\/01\/ferias_movimento2019_abertura_w-300x200.jpg\" alt=\"\" width=\"300\" height=\"200\" srcset=\"https:\/\/www.santaritadopassaquatro.sp.gov.br\/portal\/wp-content\/uploads\/2019\/01\/ferias_movimento2019_abertura_w-300x200.jpg 300w, https:\/\/www.santaritadopassaquatro.sp.gov.br\/portal\/wp-content\/uploads\/2019\/01\/ferias_movimento2019_abertura_w.jpg 600w\" sizes=\"(max-width: 300px) 100vw, 300px\" \/><figcaption id=\"caption-attachment-464\" class=\"wp-caption-text\"><span style=\"color: #999999;\"><em><strong>Prefeito, vice, diretores municipais e equipes durante a abertura do programa F\u00e9rias Em Movimento (AssCom\/Divulga\u00e7\u00e3o)<\/strong><\/em><\/span><\/figcaption><\/figure>\n<p><em>[Sta. Rita do P. Quatro-SP &#8211; 17\/1\/19] &#8211;<\/em> Come\u00e7ou na \u00faltima segunda-feira (14\/1) mais uma edi\u00e7\u00e3o de programa F\u00e9rias em Movimento, promovido pela Prefeitura Municipal de Santa Rita do Passa Quatro, atrav\u00e9s do Departamento de Desenvolvimento e Assist\u00eancia Social, CRAS (Centro de Refer\u00eancia da Assist\u00eancia Social) e Departamento Municipal de Esportes, em parceria com o Projeto Pequeno Pr\u00edncipe, da par\u00f3quia S\u00e3o Jos\u00e9 Oper\u00e1rio.<\/p>\n<p>O objetivo da a\u00e7\u00e3o \u00e9 promover a conviv\u00eancia, forma\u00e7\u00e3o para a participa\u00e7\u00e3o e cidadania, visando sempre o desenvolvimento de crian\u00e7as e adolescentes, preenchendo o tempo livre das f\u00e9rias, com atividades de intera\u00e7\u00e3o, aprendizagem, sociabilidade e prote\u00e7\u00e3o social..<\/p>\n<p>Destinado a crian\u00e7as e adolescentes, com idades de 5 a 14 anos, residentes nos bairros de abrang\u00eancia do CRAS: Jardim Boa Vista I, II e III, Jardim S\u00e3o Luiz, Jardim Santa Maria, Jardim Flamboyant e Jardim Alvorada, o programa acontece at\u00e9 o pr\u00f3ximo dia 25, de segunda a sexta-feira, das 13h \u00e0s 17 horas, oferecendo atividades de lazer, esportivas, l\u00fadicas, al\u00e9m de passeios e palestras.<\/p>\n<p>A abertura contou com a presen\u00e7a do prefeito Leandro Luciano dos Santos e da vice-prefeita Maria Rita Mondin de Oliveira, al\u00e9m das equipes do departamentos citados, do Conselho Tutelar, monitores, e apoio da Pol\u00edcia Militar A recrea\u00e7\u00e3o \u00e9 coordenada pelo Tio Gu e na abertura tamb\u00e9m houve apresenta\u00e7\u00e3o de capoeira, do grudo do Mestre Dig\u00e3o, e de dan\u00e7a com a professora Leila e Grupo Fuzu\u00ea.<\/p>\n<p>&nbsp;<\/p>\n<p>&nbsp;<\/p>\n<p>&nbsp;<\/p>\n<p>&nbsp;<\/p>\n<p>&nbsp;<\/p>\n","protected":false},"excerpt":{"rendered":"<p>Recrea\u00e7\u00e3o, esportes, brincadeiras l\u00fadicas, passeios e palestras, s\u00e3o destinadas a crian\u00e7as e adolescentes residentes nos bairros de abrang\u00eancia do CRAS<\/p>\n","protected":false},"author":1,"featured_media":0,"comment_status":"open","ping_status":"open","sticky":false,"template":"","format":"standard","meta":{"footnotes":""},"categories":[43],"tags":[],"class_list":["post-463","post","type-post","status-publish","format-standard","hentry","category-assistenciasocial"],"_links":{"self":[{"href":"https:\/\/www.santaritadopassaquatro.sp.gov.br\/portal\/wp-json\/wp\/v2\/posts\/463","targetHints":{"allow":["GET"]}}],"collection":[{"href":"https:\/\/www.santaritadopassaquatro.sp.gov.br\/portal\/wp-json\/wp\/v2\/posts"}],"about":[{"href":"https:\/\/www.santaritadopassaquatro.sp.gov.br\/portal\/wp-json\/wp\/v2\/types\/post"}],"author":[{"embeddable":true,"href":"https:\/\/www.santaritadopassaquatro.sp.gov.br\/portal\/wp-json\/wp\/v2\/users\/1"}],"replies":[{"embeddable":true,"href":"https:\/\/www.santaritadopassaquatro.sp.gov.br\/portal\/wp-json\/wp\/v2\/comments?post=463"}],"version-history":[{"count":0,"href":"https:\/\/www.santaritadopassaquatro.sp.gov.br\/portal\/wp-json\/wp\/v2\/posts\/463\/revisions"}],"wp:attachment":[{"href":"https:\/\/www.santaritadopassaquatro.sp.gov.br\/portal\/wp-json\/wp\/v2\/media?parent=463"}],"wp:term":[{"taxonomy":"category","embeddable":true,"href":"https:\/\/www.santaritadopassaquatro.sp.gov.br\/portal\/wp-json\/wp\/v2\/categories?post=463"},{"taxonomy":"post_tag","embeddable":true,"href":"https:\/\/www.santaritadopassaquatro.sp.gov.br\/portal\/wp-json\/wp\/v2\/tags?post=463"}],"curies":[{"name":"wp","href":"https:\/\/api.w.org\/{rel}","templated":true}]}}