{"id":4649,"date":"2021-05-18T18:57:51","date_gmt":"2021-05-18T21:57:51","guid":{"rendered":"http:\/\/www.santaritadopassaquatro.sp.gov.br\/portal\/?p=4649"},"modified":"2021-05-20T18:58:57","modified_gmt":"2021-05-20T21:58:57","slug":"dia-mundial-da-abelha","status":"publish","type":"post","link":"https:\/\/www.santaritadopassaquatro.sp.gov.br\/portal\/dia-mundial-da-abelha\/","title":{"rendered":"Dia Mundial da Abelha"},"content":{"rendered":"<p>As abelhas s\u00e3o animais de extrema import\u00e2ncia para a manuten\u00e7\u00e3o da vida no planeta, j\u00e1 que s\u00e3o respons\u00e1veis pela poliniza\u00e7\u00e3o, tanto de \u00e1reas naturais quanto agr\u00edcolas. A poliniza\u00e7\u00e3o ocorre em raz\u00e3o do movimento das abelhas entre as flores. Os gr\u00e3os de p\u00f3len, que ficam grudados nos corpos das abelhas, podem ser levados de uma flor para outra, o que resulta na fecunda\u00e7\u00e3o e frutifica\u00e7\u00e3o. Este processo de poliniza\u00e7\u00e3o n\u00e3o \u00e9 intencional por parte das abelhas, mas ocorre quando existe a visita\u00e7\u00e3o das flores em busca de alimentos.<\/p>\n<p>&nbsp;<\/p>\n<p>Apesar da grande relev\u00e2ncia do grupo, algumas a\u00e7\u00f5es causadas pelo homem, como por exemplo o uso de defensivos agr\u00edcolas, tem causado a diminui\u00e7\u00e3o do n\u00famero de abelhas, e uma das consequ\u00eancias destas a\u00e7\u00f5es, pode ser a diminui\u00e7\u00e3o ou at\u00e9 extin\u00e7\u00e3o de esp\u00e9cies vegetais.<\/p>\n<p>&nbsp;<\/p>\n<p>Com o objetivo de comemorar o Dia Mundial da Abelha -20 de maio e entender um pouco mais sobre o papel destes insetos no ecossistema, a Funda\u00e7\u00e3o Florestal far\u00e1 um Workshop no dia 19\/05 \u00e0s 14h na p\u00e1gina da Funda\u00e7\u00e3o Florestal no Youtube.\u00a0 N\u00f3s do Departamento de Agricutltura e Meio Ambiente, convidamos todos a participarem do workshop para conhecer um pouco mais sobre estes seres.<\/p>\n<p><a href=\"https:\/\/www.youtube.com\/channel\/UC_lO49m-atsQhWsuAbTc4Jw\" target=\"_blank\" rel=\"noopener\">https:\/\/www.youtube.com\/channel\/UC_lO49m-atsQhWsuAbTc4Jw<\/a><\/p>\n<p>&nbsp;<\/p>\n","protected":false},"excerpt":{"rendered":"<p>As abelhas s\u00e3o animais de extrema import\u00e2ncia para a manuten\u00e7\u00e3o da vida no planeta, j\u00e1 que s\u00e3o respons\u00e1veis pela poliniza\u00e7\u00e3o,<\/p>\n","protected":false},"author":1,"featured_media":4650,"comment_status":"closed","ping_status":"open","sticky":false,"template":"","format":"standard","meta":{"footnotes":""},"categories":[53],"tags":[],"class_list":["post-4649","post","type-post","status-publish","format-standard","has-post-thumbnail","hentry","category-meio-ambiente"],"_links":{"self":[{"href":"https:\/\/www.santaritadopassaquatro.sp.gov.br\/portal\/wp-json\/wp\/v2\/posts\/4649","targetHints":{"allow":["GET"]}}],"collection":[{"href":"https:\/\/www.santaritadopassaquatro.sp.gov.br\/portal\/wp-json\/wp\/v2\/posts"}],"about":[{"href":"https:\/\/www.santaritadopassaquatro.sp.gov.br\/portal\/wp-json\/wp\/v2\/types\/post"}],"author":[{"embeddable":true,"href":"https:\/\/www.santaritadopassaquatro.sp.gov.br\/portal\/wp-json\/wp\/v2\/users\/1"}],"replies":[{"embeddable":true,"href":"https:\/\/www.santaritadopassaquatro.sp.gov.br\/portal\/wp-json\/wp\/v2\/comments?post=4649"}],"version-history":[{"count":1,"href":"https:\/\/www.santaritadopassaquatro.sp.gov.br\/portal\/wp-json\/wp\/v2\/posts\/4649\/revisions"}],"predecessor-version":[{"id":4651,"href":"https:\/\/www.santaritadopassaquatro.sp.gov.br\/portal\/wp-json\/wp\/v2\/posts\/4649\/revisions\/4651"}],"wp:featuredmedia":[{"embeddable":true,"href":"https:\/\/www.santaritadopassaquatro.sp.gov.br\/portal\/wp-json\/wp\/v2\/media\/4650"}],"wp:attachment":[{"href":"https:\/\/www.santaritadopassaquatro.sp.gov.br\/portal\/wp-json\/wp\/v2\/media?parent=4649"}],"wp:term":[{"taxonomy":"category","embeddable":true,"href":"https:\/\/www.santaritadopassaquatro.sp.gov.br\/portal\/wp-json\/wp\/v2\/categories?post=4649"},{"taxonomy":"post_tag","embeddable":true,"href":"https:\/\/www.santaritadopassaquatro.sp.gov.br\/portal\/wp-json\/wp\/v2\/tags?post=4649"}],"curies":[{"name":"wp","href":"https:\/\/api.w.org\/{rel}","templated":true}]}}