{"id":466,"date":"2019-01-25T14:10:04","date_gmt":"2019-01-25T16:10:04","guid":{"rendered":"http:\/\/www.santaritadopassaquatro.sp.gov.br\/portal\/?p=466"},"modified":"2019-01-25T14:10:04","modified_gmt":"2019-01-25T16:10:04","slug":"carnaval-2019-praca-da-estacao-ira-receber-mais-um-santacarnafolia","status":"publish","type":"post","link":"https:\/\/www.santaritadopassaquatro.sp.gov.br\/portal\/carnaval-2019-praca-da-estacao-ira-receber-mais-um-santacarnafolia\/","title":{"rendered":"CARNAVAL 2019 &#8211;\u00a0Pra\u00e7a da Esta\u00e7\u00e3o ir\u00e1 receber mais um Santacarnafolia"},"content":{"rendered":"<p><strong><em>Promovido pelo Departamento Municipal de Turismo, evento ir\u00e1 oferecer mais op\u00e7\u00f5es para \u00e0s fam\u00edlias, com conforto e seguran\u00e7a<\/em><\/strong><\/p>\n<p>&nbsp;<\/p>\n<figure id=\"attachment_467\" aria-describedby=\"caption-attachment-467\" style=\"width: 300px\" class=\"wp-caption alignleft\"><img decoding=\"async\" class=\"wp-image-467 size-medium\" src=\"http:\/\/www.santaritadopassaquatro.sp.gov.br\/portal\/wp-content\/uploads\/2019\/01\/carnaval2018_criancas_w-300x200.jpg\" alt=\"\" width=\"300\" height=\"200\" srcset=\"https:\/\/www.santaritadopassaquatro.sp.gov.br\/portal\/wp-content\/uploads\/2019\/01\/carnaval2018_criancas_w-300x200.jpg 300w, https:\/\/www.santaritadopassaquatro.sp.gov.br\/portal\/wp-content\/uploads\/2019\/01\/carnaval2018_criancas_w.jpg 600w\" sizes=\"(max-width: 300px) 100vw, 300px\" \/><figcaption id=\"caption-attachment-467\" class=\"wp-caption-text\"><span style=\"color: #999999;\"><em><strong>O p\u00fablico no Espa\u00e7o da Crian\u00e7a, na Pra\u00e7a da Esta\u00e7\u00e3o, durante o Carnaval 2018 (Arquivo\/ AssCom\/Divulga\u00e7\u00e3o) <\/strong><\/em><\/span><\/figcaption><\/figure>\n<p><em>[Sta. Rita do P. Quatro-SP &#8211; 17\/1\/19] &#8211;<\/em> O Setor de Turismo da Prefeitura Municipal de Santa Rita do Passa Quatro j\u00e1 definiu a programa\u00e7\u00e3o oficial do Carnaval 2019. Este ano, o evento mais uma vez ser\u00e1 promovido apenas na Pra\u00e7a Poeta M\u00e1rio Mattoso (Esta\u00e7\u00e3o), nos dias 2 a 5 de mar\u00e7o, com hor\u00e1rios, das 17h \u00e0s 23 horas, de s\u00e1bado \u00e0 segunda-feira, e das 17h \u00e0s 20 horas, na ter\u00e7a-feira.<\/p>\n<p>O Santacarnafolia 2019, o Carnaval santa-ritense, traz de volta a magia das antigas marchinhas e m\u00fasicas infantis na primeira parte e os sucessos atuais nos diversos estilos carnavalescos no restante da noite.<\/p>\n<p>Toda a programa\u00e7\u00e3o acontece com entrada ser\u00e1 gratuita e participa\u00e7\u00e3o da feira do Turismo, em uma completa pra\u00e7a de alimenta\u00e7\u00e3o. A prefeitura tamb\u00e9m est\u00e1 definindo com a Pol\u00edcia Militar para atua\u00e7\u00e3o com seu efetivo no aux\u00edlio \u00e0 seguran\u00e7a, dentro do programa Atividade Delegada, com a possibilidade de contar com monitoramento de c\u00e2meras de seguran\u00e7a.<\/p>\n<p>Para oferecer mais conforto e seguran\u00e7a \u00e0s fam\u00edlias, a exemplo do que aconteceu no ano passado, mais uma vez haver\u00e1 uma \u00e1rea destinada \u00e0s crian\u00e7as, com espa\u00e7o reservado \u00e0 divers\u00e3o e at\u00e9 um frald\u00e1rio, para melhor atender as fam\u00edlias.<\/p>\n<p>Para o Setor de Turismo, a realiza\u00e7\u00e3o do Carnaval Popular, al\u00e9m de oferecer entretenimento gratuito \u00e0 popula\u00e7\u00e3o, tamb\u00e9m estimula toda a cadeia produtiva do turismo, j\u00e1 que o evento, ao longo dos anos vem ganhando destaque em toda a regi\u00e3o, colaborando com o desenvolvimento econ\u00f4mico do munic\u00edpio.<\/p>\n<p>&nbsp;<\/p>\n<blockquote><p><strong>SERVI\u00c7O<br \/>\n<\/strong><strong>CARNAVAL 2018<br \/>\n<\/strong><strong>Data:<\/strong> 2, 3, 4 e 5 de mar\u00e7o.<br \/>\n<strong>Local:<\/strong> Pra\u00e7a Poeta Mario Mattoso (Esta\u00e7\u00e3o).<br \/>\n<strong>Hor\u00e1rio:<\/strong> a partir das 17 horas.<\/p><\/blockquote>\n<p>&nbsp;<\/p>\n<p>&nbsp;<\/p>\n<p>&nbsp;<\/p>\n<p>&nbsp;<\/p>\n<p>&nbsp;<\/p>\n","protected":false},"excerpt":{"rendered":"<p>Promovido pelo Departamento Municipal de Turismo, evento ir\u00e1 oferecer mais op\u00e7\u00f5es para \u00e0s fam\u00edlias, com conforto e seguran\u00e7a &nbsp; [Sta.<\/p>\n","protected":false},"author":1,"featured_media":0,"comment_status":"open","ping_status":"open","sticky":false,"template":"","format":"standard","meta":{"footnotes":""},"categories":[60],"tags":[],"class_list":["post-466","post","type-post","status-publish","format-standard","hentry","category-turismo"],"_links":{"self":[{"href":"https:\/\/www.santaritadopassaquatro.sp.gov.br\/portal\/wp-json\/wp\/v2\/posts\/466","targetHints":{"allow":["GET"]}}],"collection":[{"href":"https:\/\/www.santaritadopassaquatro.sp.gov.br\/portal\/wp-json\/wp\/v2\/posts"}],"about":[{"href":"https:\/\/www.santaritadopassaquatro.sp.gov.br\/portal\/wp-json\/wp\/v2\/types\/post"}],"author":[{"embeddable":true,"href":"https:\/\/www.santaritadopassaquatro.sp.gov.br\/portal\/wp-json\/wp\/v2\/users\/1"}],"replies":[{"embeddable":true,"href":"https:\/\/www.santaritadopassaquatro.sp.gov.br\/portal\/wp-json\/wp\/v2\/comments?post=466"}],"version-history":[{"count":0,"href":"https:\/\/www.santaritadopassaquatro.sp.gov.br\/portal\/wp-json\/wp\/v2\/posts\/466\/revisions"}],"wp:attachment":[{"href":"https:\/\/www.santaritadopassaquatro.sp.gov.br\/portal\/wp-json\/wp\/v2\/media?parent=466"}],"wp:term":[{"taxonomy":"category","embeddable":true,"href":"https:\/\/www.santaritadopassaquatro.sp.gov.br\/portal\/wp-json\/wp\/v2\/categories?post=466"},{"taxonomy":"post_tag","embeddable":true,"href":"https:\/\/www.santaritadopassaquatro.sp.gov.br\/portal\/wp-json\/wp\/v2\/tags?post=466"}],"curies":[{"name":"wp","href":"https:\/\/api.w.org\/{rel}","templated":true}]}}