{"id":4731,"date":"2021-06-03T14:31:21","date_gmt":"2021-06-03T17:31:21","guid":{"rendered":"http:\/\/www.santaritadopassaquatro.sp.gov.br\/portal\/?p=4731"},"modified":"2021-06-04T07:36:38","modified_gmt":"2021-06-04T10:36:38","slug":"dia-mundial-do-meio-ambiente","status":"publish","type":"post","link":"https:\/\/www.santaritadopassaquatro.sp.gov.br\/portal\/dia-mundial-do-meio-ambiente\/","title":{"rendered":"Dia Mundial do Meio Ambiente"},"content":{"rendered":"<p>No pr\u00f3ximo dia 05 de junho de 2021, comemora-se o Dia Mundial do Meio Ambiente, institu\u00eddo pela ONU, tem como objetivo principal chamar a aten\u00e7\u00e3o de todas as esferas da popula\u00e7\u00e3o para os problemas ambientais e para a import\u00e2ncia da preserva\u00e7\u00e3o dos recursos naturais. Em raz\u00e3o da import\u00e2ncia da conscientiza\u00e7\u00e3o e da dimens\u00e3o do impacto gerado pelo homem, o Dia Mundial do Meio Ambiente \u00e9 uma data que merece bastante destaque no calend\u00e1rio mundial.<br \/>\nPara comemorar essa data o munic\u00edpio de Santa Rita do Passa Quatro preparou um v\u00eddeo sobre o Parque Estadual Vassununga e a Esta\u00e7\u00e3o Experimental (Horto Florestal), duas \u00e1reas de conserva\u00e7\u00e3o e preserva\u00e7\u00e3o que abrigam uma parte de nossa biodiversidade.<br \/>\nPreservar \u00e9 um ato de resist\u00eancia, a conserva\u00e7\u00e3o de nossas florestas \u00e9 essencial para a manuten\u00e7\u00e3o da vida no planeta!<\/p>\n<p>&nbsp;<\/p>\n<div style=\"width: 800px;\" class=\"wp-video\"><video class=\"wp-video-shortcode\" id=\"video-4731-1\" width=\"800\" height=\"450\" preload=\"metadata\" controls=\"controls\"><source type=\"video\/mp4\" src=\"http:\/\/www.santaritadopassaquatro.sp.gov.br\/portal\/wp-content\/uploads\/2021\/06\/PMSRPQ-Dia-Mundial-do-Meio-Ambiente-V2-2.mp4?_=1\" \/><a href=\"http:\/\/www.santaritadopassaquatro.sp.gov.br\/portal\/wp-content\/uploads\/2021\/06\/PMSRPQ-Dia-Mundial-do-Meio-Ambiente-V2-2.mp4\">http:\/\/www.santaritadopassaquatro.sp.gov.br\/portal\/wp-content\/uploads\/2021\/06\/PMSRPQ-Dia-Mundial-do-Meio-Ambiente-V2-2.mp4<\/a><\/video><\/div>\n<p>Baixe o v\u00eddeo:<\/p>\n<p><a href=\"https:\/\/drive.google.com\/file\/d\/1kiYg3RGb_g-1AncZ1mnrDW4Hlg289GEJ\/view\">https:\/\/drive.google.com\/file\/d\/1kiYg3RGb_g-1AncZ1mnrDW4Hlg289GEJ\/view<\/a><\/p>\n<p>&nbsp;<\/p>\n<p>&nbsp;<\/p>\n","protected":false},"excerpt":{"rendered":"<p>No pr\u00f3ximo dia 05 de junho de 2021, comemora-se o Dia Mundial do Meio Ambiente, institu\u00eddo pela ONU, tem como<\/p>\n","protected":false},"author":1,"featured_media":2230,"comment_status":"closed","ping_status":"open","sticky":false,"template":"","format":"standard","meta":{"footnotes":""},"categories":[53],"tags":[],"class_list":["post-4731","post","type-post","status-publish","format-standard","has-post-thumbnail","hentry","category-meio-ambiente"],"_links":{"self":[{"href":"https:\/\/www.santaritadopassaquatro.sp.gov.br\/portal\/wp-json\/wp\/v2\/posts\/4731","targetHints":{"allow":["GET"]}}],"collection":[{"href":"https:\/\/www.santaritadopassaquatro.sp.gov.br\/portal\/wp-json\/wp\/v2\/posts"}],"about":[{"href":"https:\/\/www.santaritadopassaquatro.sp.gov.br\/portal\/wp-json\/wp\/v2\/types\/post"}],"author":[{"embeddable":true,"href":"https:\/\/www.santaritadopassaquatro.sp.gov.br\/portal\/wp-json\/wp\/v2\/users\/1"}],"replies":[{"embeddable":true,"href":"https:\/\/www.santaritadopassaquatro.sp.gov.br\/portal\/wp-json\/wp\/v2\/comments?post=4731"}],"version-history":[{"count":2,"href":"https:\/\/www.santaritadopassaquatro.sp.gov.br\/portal\/wp-json\/wp\/v2\/posts\/4731\/revisions"}],"predecessor-version":[{"id":4739,"href":"https:\/\/www.santaritadopassaquatro.sp.gov.br\/portal\/wp-json\/wp\/v2\/posts\/4731\/revisions\/4739"}],"wp:featuredmedia":[{"embeddable":true,"href":"https:\/\/www.santaritadopassaquatro.sp.gov.br\/portal\/wp-json\/wp\/v2\/media\/2230"}],"wp:attachment":[{"href":"https:\/\/www.santaritadopassaquatro.sp.gov.br\/portal\/wp-json\/wp\/v2\/media?parent=4731"}],"wp:term":[{"taxonomy":"category","embeddable":true,"href":"https:\/\/www.santaritadopassaquatro.sp.gov.br\/portal\/wp-json\/wp\/v2\/categories?post=4731"},{"taxonomy":"post_tag","embeddable":true,"href":"https:\/\/www.santaritadopassaquatro.sp.gov.br\/portal\/wp-json\/wp\/v2\/tags?post=4731"}],"curies":[{"name":"wp","href":"https:\/\/api.w.org\/{rel}","templated":true}]}}