{"id":475,"date":"2019-01-25T14:17:32","date_gmt":"2019-01-25T16:17:32","guid":{"rendered":"http:\/\/www.santaritadopassaquatro.sp.gov.br\/portal\/?p=475"},"modified":"2019-01-25T14:17:32","modified_gmt":"2019-01-25T16:17:32","slug":"confira-a-trajetoria-do-prefeito-santa-ritense-na-aprecesp","status":"publish","type":"post","link":"https:\/\/www.santaritadopassaquatro.sp.gov.br\/portal\/confira-a-trajetoria-do-prefeito-santa-ritense-na-aprecesp\/","title":{"rendered":"Confira a trajet\u00f3ria do prefeito santa-ritense na Aprecesp"},"content":{"rendered":"<p><strong><em>Leandro Luciano dos Santos assumiu a presid\u00eancia da entidade que representa 70 est\u00e2ncias paulistas<\/em><\/strong><\/p>\n<p>&nbsp;<\/p>\n<figure id=\"attachment_477\" aria-describedby=\"caption-attachment-477\" style=\"width: 300px\" class=\"wp-caption alignleft\"><img decoding=\"async\" class=\"wp-image-477 size-medium\" src=\"http:\/\/www.santaritadopassaquatro.sp.gov.br\/portal\/wp-content\/uploads\/2019\/01\/aprecesp_prefeito_governador_w-300x225.jpg\" alt=\"\" width=\"300\" height=\"225\" srcset=\"https:\/\/www.santaritadopassaquatro.sp.gov.br\/portal\/wp-content\/uploads\/2019\/01\/aprecesp_prefeito_governador_w-300x225.jpg 300w, https:\/\/www.santaritadopassaquatro.sp.gov.br\/portal\/wp-content\/uploads\/2019\/01\/aprecesp_prefeito_governador_w.jpg 533w\" sizes=\"(max-width: 300px) 100vw, 300px\" \/><figcaption id=\"caption-attachment-477\" class=\"wp-caption-text\"><span style=\"color: #999999;\"><em><strong>Os prefeitos Holambra, Itanha\u00e9m e Santa Rita, presidentes nos anos de 2017, 2018 e 2019, com o ent\u00e3o governador Geraldo Alckmin (Arquivo\/Divulga\u00e7\u00e3o)<\/strong><\/em><\/span><\/figcaption><\/figure>\n<p><em>[Sta. Rita do P. Quatro-SP &#8211; 17\/1\/19] &#8211;<\/em> At\u00e9 chegar \u00e0 presid\u00eancia da maior entidade representativa de Turismo do Brasil, o prefeito de Santa Rita do Passa Quatro, Leandro Luciano dos Santos, vem conquistando seu espa\u00e7o nos \u00faltimos anos, enfrentando desafios e somando conquistas em prol das 70 est\u00e2ncias paulistas.<\/p>\n<p>A trajet\u00f3ria come\u00e7ou em 2014, ainda como mais membro da entidade. Depois, degrau a degrau, Leandro foi se fortalecendo e ganhando visibilidade, pela sua atua\u00e7\u00e3o din\u00e2mica, at\u00e9 que em 2017, quando foi eleito 2\u00ba secret\u00e1ria, seu primeiro cargo na Diretoria Executiva da institui\u00e7\u00e3o.<\/p>\n<p>Durante todo aquele ano, foram diversas reuni\u00f5es e encontros com lideran\u00e7as do Estado, entre eles deputados e governador, sempre reivindicando benef\u00edcios \u00e0s est\u00e2ncias, como a libera\u00e7\u00e3o de recursos do Dadetur (Departamento de Apoio e Desenvolvimento das Est\u00e2ncias),<\/p>\n<p>A atua\u00e7\u00e3o do prefeito santa-ritense nos diversos assuntos foi t\u00e3o importante que j\u00e1 em outubro seu nome come\u00e7ou a ser citado como certo para concorrer a um cargo mais alto na entidade, sendo confirmado como candidato \u00e0 vice-presid\u00eancia, cargo ocupado a partir de janeiro de 2018.<\/p>\n<p>Como vice-presidente, Leandro continuou na sua miss\u00e3o de buscar a redu\u00e7\u00e3o da burocracia na aprova\u00e7\u00e3o de projetos e presta\u00e7\u00e3o de contas, o descontingenciamento de recursos para os munic\u00edpios que ainda n\u00e3o receberam poderem empregar em outras \u00e1reas, al\u00e9m da\u00a0 posterga\u00e7\u00e3o do prazo de ranqueamento da est\u00e2ncias, visando dar mais tempo para os munic\u00edpios poderem se adequar a nova sistem\u00e1tica.<\/p>\n<p>Um dos destaques de sua atua\u00e7\u00e3o durante o ano foi na reuni\u00e3o ordin\u00e1ria realizada na est\u00e2ncia de Joan\u00f3polis, a junho, que foi presidida por Leandro, em substitui\u00e7\u00e3o ao ent\u00e3o presidente Marco Aur\u00e9lio Gomes, que estava em viagem ao exterior.<\/p>\n<p>Com mais uma atua\u00e7\u00e3o sempre participativa, o prefeito santa-ritense logo foi o mais cotado para presid\u00eancia no ano seguinte e a confirma\u00e7\u00e3o de sua candidatura aconteceu em novembro \u00faltimo.<\/p>\n<p>Al\u00e9m de Santa Rita do Passa Quatro, as est\u00e2ncias paulistas, agora sob a lideran\u00e7a de Leandro s\u00e3o: \u00c1guas da Prata, \u00c1guas de Lind\u00f3ia, \u00c1guas de Santa B\u00e1rbara, \u00c1guas de S\u00e3o Pedro, Amparo, Anal\u00e2ndia, Aparecida, Atibaia, Avar\u00e9, Bananal, Barra Bonita, Batatais, Bertioga, Bragan\u00e7a Paulista, Brotas, Caconde, Campos do Jord\u00e3o, Campos Novos Paulista, Canan\u00e9ia, Caraguatatuba, Cunha, Eldorado, Embu das Artes, Guaratinguet\u00e1, Guaruj\u00e1, Holambra, Ibir\u00e1, Ibitinga, Ibi\u00fana, Iguape, Igara\u00e7u do Tiet\u00ea, Ilha Comprida, Ilha Solteira, Ilhabela, Itanha\u00e9m, Itu, Joan\u00f3polis, Lind\u00f3ia, Mongagu\u00e1, Monte Alegre do Sul, Morungaba, Nuporanga, Ol\u00edmpia, Paragua\u00e7u Paulista, Paranapanema, Pereira Barreto, Piraju, Peru\u00edbe, Po\u00e1, Praia Grande, Presidente Epit\u00e1cio, Ribeir\u00e3o Pires, Sales\u00f3polis, Salto, Santa F\u00e9 do Sul, Santo Antonio do Pinhal, Santos, S\u00e3o Bento do Sapuca\u00ed, S\u00e3o Jos\u00e9 do Barreiro, S\u00e3o Luiz do Paraitinga, S\u00e3o Pedro, S\u00e3o Roque, S\u00e3o Sebasti\u00e3o, S\u00e3o Vicente, Serra Negra, Socorro, Trememb\u00e9, Tup\u00e3, Ubatuba<\/p>\n<p>&nbsp;<\/p>\n<p>&nbsp;<\/p>\n<p><em>\u00a0<\/em><\/p>\n<p>&nbsp;<\/p>\n<p><strong>\u00a0<\/strong><\/p>\n<p><em>\u00a0<\/em><\/p>\n<p><em>\u00a0<\/em><\/p>\n<p><em>\u00a0<\/em><\/p>\n<p>&nbsp;<\/p>\n","protected":false},"excerpt":{"rendered":"<p>Leandro Luciano dos Santos assumiu a presid\u00eancia da entidade que representa 70 est\u00e2ncias paulistas &nbsp; [Sta. Rita do P. Quatro-SP<\/p>\n","protected":false},"author":1,"featured_media":0,"comment_status":"open","ping_status":"open","sticky":false,"template":"","format":"standard","meta":{"footnotes":""},"categories":[60],"tags":[],"class_list":["post-475","post","type-post","status-publish","format-standard","hentry","category-turismo"],"_links":{"self":[{"href":"https:\/\/www.santaritadopassaquatro.sp.gov.br\/portal\/wp-json\/wp\/v2\/posts\/475","targetHints":{"allow":["GET"]}}],"collection":[{"href":"https:\/\/www.santaritadopassaquatro.sp.gov.br\/portal\/wp-json\/wp\/v2\/posts"}],"about":[{"href":"https:\/\/www.santaritadopassaquatro.sp.gov.br\/portal\/wp-json\/wp\/v2\/types\/post"}],"author":[{"embeddable":true,"href":"https:\/\/www.santaritadopassaquatro.sp.gov.br\/portal\/wp-json\/wp\/v2\/users\/1"}],"replies":[{"embeddable":true,"href":"https:\/\/www.santaritadopassaquatro.sp.gov.br\/portal\/wp-json\/wp\/v2\/comments?post=475"}],"version-history":[{"count":0,"href":"https:\/\/www.santaritadopassaquatro.sp.gov.br\/portal\/wp-json\/wp\/v2\/posts\/475\/revisions"}],"wp:attachment":[{"href":"https:\/\/www.santaritadopassaquatro.sp.gov.br\/portal\/wp-json\/wp\/v2\/media?parent=475"}],"wp:term":[{"taxonomy":"category","embeddable":true,"href":"https:\/\/www.santaritadopassaquatro.sp.gov.br\/portal\/wp-json\/wp\/v2\/categories?post=475"},{"taxonomy":"post_tag","embeddable":true,"href":"https:\/\/www.santaritadopassaquatro.sp.gov.br\/portal\/wp-json\/wp\/v2\/tags?post=475"}],"curies":[{"name":"wp","href":"https:\/\/api.w.org\/{rel}","templated":true}]}}