{"id":479,"date":"2019-01-25T14:23:59","date_gmt":"2019-01-25T16:23:59","guid":{"rendered":"http:\/\/www.santaritadopassaquatro.sp.gov.br\/portal\/?p=479"},"modified":"2019-01-25T14:23:59","modified_gmt":"2019-01-25T16:23:59","slug":"prefeito-de-santa-rita-e-o-novo-presidente-da-aprecesp","status":"publish","type":"post","link":"https:\/\/www.santaritadopassaquatro.sp.gov.br\/portal\/prefeito-de-santa-rita-e-o-novo-presidente-da-aprecesp\/","title":{"rendered":"Prefeito de Santa Rita \u00e9 o novo presidente da Aprecesp"},"content":{"rendered":"<p><strong><em>Em chapa \u00fanica, Leandro Luciano dos Santos foi eleito para o cargo m\u00e1ximo na mesa da entidade que representa 70 est\u00e2ncias paulistas, \u00faltima quarta-feira, em S\u00e3o Paulo<\/em><\/strong><\/p>\n<p><strong><em>\u00a0<\/em><\/strong><\/p>\n<figure id=\"attachment_476\" aria-describedby=\"caption-attachment-476\" style=\"width: 300px\" class=\"wp-caption alignleft\"><img decoding=\"async\" class=\"wp-image-476 size-medium\" src=\"http:\/\/www.santaritadopassaquatro.sp.gov.br\/portal\/wp-content\/uploads\/2019\/01\/Aprecesp_posse_prefeito_discurso_w-300x200.jpg\" alt=\"\" width=\"300\" height=\"200\" srcset=\"https:\/\/www.santaritadopassaquatro.sp.gov.br\/portal\/wp-content\/uploads\/2019\/01\/Aprecesp_posse_prefeito_discurso_w-300x200.jpg 300w, https:\/\/www.santaritadopassaquatro.sp.gov.br\/portal\/wp-content\/uploads\/2019\/01\/Aprecesp_posse_prefeito_discurso_w.jpg 600w\" sizes=\"(max-width: 300px) 100vw, 300px\" \/><figcaption id=\"caption-attachment-476\" class=\"wp-caption-text\"><span style=\"color: #999999; font-size: 8pt;\"><em>O prefeito de Santa Rita no centro da mesa diretora da Aprecesp, durante a assembleia ordin\u00e1ria de elei\u00e7\u00e3o e posse, em S\u00e3o Paulo (AssCom\/Divulga\u00e7\u00e3o)<\/em><\/span><\/figcaption><\/figure>\n<p><em>[Sta. Rita do P. Quatro-SP &#8211; 17\/1\/19] &#8211;<\/em> Agora \u00e9 oficial. Pela primeira vez na sua hist\u00f3ria, Santa Rita do Passa Quatro tem seu prefeito assumindo o cargo m\u00e1ximo em uma das entidades mais representativas no setor turismo nacional. Na \u00faltima quarta-feira (16\/1), o prefeito Leandro Luciano dos Santos foi eleito presidente da nova Diretoria Executiva e da Aprecesp (Associa\u00e7\u00e3o das Prefeituras das Cidades Est\u00e2ncia do Estado de S\u00e3o Paulo).<\/p>\n<p>A elei\u00e7\u00e3o e posse aconteceram na Assembleia Legislativa do Estado de S\u00e3o Paulo, no audit\u00f3rio Paulo Kabyashi, com a presen\u00e7a do secret\u00e1rio de Estado de Turismo, Vinicius Lummertz, representando o governador Jo\u00e3o D\u00f3ria.<\/p>\n<p>Durante Assembleia Geral Ordin\u00e1ria da Aprecesp, o prefeito santa-ritense foi eleito foi aclama\u00e7\u00e3o, em chapa \u00fanica que recebeu o nome de \u201cTurismo: Novos Dias, Novos Tempos\u201d (confira a seguir todos os integrantes). A nova diretoria assume em um bom momento para o turismo paulista, quando as est\u00e2ncias est\u00e3o ganhando mais destaque e import\u00e2ncia no desenvolvimento do setor no Estado de S\u00e3o Paulo.<\/p>\n<p>Em 2018, Leandro Luciano dos Santos ocupou a vice-presid\u00eancia da entidade que representa as 70 est\u00e2ncias paulistas, concluindo um ano de muitas atividades.\u00a0 O cargo foi transmitido pelo prefeito do munic\u00edpio de Itanha\u00e9m, Marco Aur\u00e9lio Gomes dos Santos, que ocupou a presid\u00eancia entre janeiro de 2018 e janeiro e 2019, sucedendo Fernando Fiori de Godoy, prefeito de Holambra, que ocupou o cargo em 2017.<\/p>\n<p>Durante a solenidade, o secret\u00e1rio Lummertz declarou: &#8220;Os gestores devem tratar o turismo como um vetor de desenvolvimento econ\u00f4mico e social, respons\u00e1vel pela entrada de divisas e gera\u00e7\u00e3o de empregos, al\u00e9m de se preparar para a necessidades do viajante do s\u00e9culo XXI. O jeito de fazer turismo mudou, e n\u00f3s temos o dever de nos adaptar \u00e0 nova realidade&#8221;.<\/p>\n<p>No momento da entrega do cargo, o ex-presidente Marco Aur\u00e9lio enfatizou: \u201cLeandro est\u00e1 preparando, tem conhecimento da import\u00e2ncia de fortalecer a entidade e pretende manter di\u00e1logo permanente com a Secretaria de Turismo\u201d.<\/p>\n<p>Junto a diretores e assessores de gabinete do prefeito, estiveram presentes na solenidade os vereadores Paulo Linares, Juliana Garcia Lorencetti, Kl\u00e9ber Alessandro Borotto, Hermelinda S. dos Santos Rani, Lucas Comin Loureiro e Luiz Carlos Bariotto, al\u00e9m da fam\u00edlia, sua m\u00e3e dona Vera Luciano dos Santos e o seu filho Gustavo.<\/p>\n<blockquote><p>\u201cQueria agradecer as 70 est\u00e2ncias tur\u00edsticas do estado de SP pela aclama\u00e7\u00e3o da nossa chapa por unanimidade para assumir a presid\u00eancia da Aprecesp! Mais orgulhoso ainda por poder representar minha cidade no mais alto cargo de uma associa\u00e7\u00e3o de turismo do Brasil! Com or\u00e7amento de 500 milh\u00f5es para ser distribu\u00eddos para essas 70 est\u00e2ncias! Queria agradecer a minha fam\u00edlia e a todos os 27 mil santarritenses pela essa brilhante conquista! Santa Rita merece! Cidade maravilhosa e encantadora!\u201d, disse o prefeito.<\/p><\/blockquote>\n<p><strong>\u00a0<\/strong><\/p>\n<figure id=\"attachment_480\" aria-describedby=\"caption-attachment-480\" style=\"width: 300px\" class=\"wp-caption alignleft\"><img decoding=\"async\" class=\"wp-image-480 size-medium\" src=\"http:\/\/www.santaritadopassaquatro.sp.gov.br\/portal\/wp-content\/uploads\/2019\/01\/Aprecesp_posse__prefeito_secretario_prefeitos_estancians_w-300x200.jpg\" alt=\"\" width=\"300\" height=\"200\" srcset=\"https:\/\/www.santaritadopassaquatro.sp.gov.br\/portal\/wp-content\/uploads\/2019\/01\/Aprecesp_posse__prefeito_secretario_prefeitos_estancians_w-300x200.jpg 300w, https:\/\/www.santaritadopassaquatro.sp.gov.br\/portal\/wp-content\/uploads\/2019\/01\/Aprecesp_posse__prefeito_secretario_prefeitos_estancians_w.jpg 600w\" sizes=\"(max-width: 300px) 100vw, 300px\" \/><figcaption id=\"caption-attachment-480\" class=\"wp-caption-text\"><span style=\"color: #999999; font-size: 8pt;\"><em>O novo presidente e membros na diretoria rec\u00e9m empossada da entidade que representa as 70 est\u00e2ncias paulistas (AssCom\/Divulga\u00e7\u00e3o)<\/em><\/span><\/figcaption><\/figure>\n<p><strong>A APRECESP<\/strong><\/p>\n<p>Entidade privada e sem fins lucrativos, a Aprecesp representa os interesses e atua pelo fomento tur\u00edstico dos 70 munic\u00edpios est\u00e2ncia do Estado, al\u00e9m de ter assento no Conselho Estadual de Turismo, na C\u00e2mara de Turismo da Federa\u00e7\u00e3o do Com\u00e9rcio e no COC \u2013 Conselho de Orienta\u00e7\u00e3o e Controle do DADETUR \u2013 Departamento de Apoio ao Desenvolvimento dos Munic\u00edpios Tur\u00edsticos da Secretaria Estadual de Turismo.<\/p>\n<p>A primeira reuni\u00e3o de trabalho presidida pelo prefeito santa-ritense acontece nos dias 8, 9 e 10 de mar\u00e7o, nas est\u00e2ncia de \u00c1guas de Lind\u00f3ia.<\/p>\n<p>&nbsp;<\/p>\n<p>&nbsp;<\/p>\n<p><strong>CONFIRA QUEM \u00c9 A DIRETORIA EXECUTIVA E CONSELHO FISCAL DA APRECESP<\/strong><\/p>\n<ul>\n<li>Presidente: Leandro Luciano Dos Santos (prefeito de Santa Rita do Passa Quatro);<br \/>\n1\u00ba Vice-presidente: Gabriel dos Santos Oliveira Rosa (prefeito de Canan\u00e9ia);<\/li>\n<li>2\u00ba Vice-presidente: Marco Ant\u00f4nio de Oliveira (prefeito de Morungaba);<\/li>\n<li>1\u00ba Secret\u00e1rio: Edson Rodrigo de Oliveira Cunha (prefeito de Monte Alegre do Sul);<\/li>\n<li>2\u00ba Secret\u00e1rio: \u00a0Fernando Fiori de Godoi (prefeito de Holambra);<\/li>\n<li>3\u00ba Secret\u00e1rio: Andr\u00e9 Eduardo Bozola de Souza Pinto (prefeito de Socorro);<\/li>\n<li>1\u00ba Tesoureiro: Marco Aur\u00e9lio Gomes dos Santos (prefeito De Itanha\u00e9m);<\/li>\n<li>2\u00ba Tesoureiro: Frederico Guidoni Sacranello (prefeito de Campos do Jord\u00e3o);<\/li>\n<li>3\u00ba Tesoureiro: Ademir Maschio (prefeito de Santa F\u00e9 do Sul).<\/li>\n<\/ul>\n<p>&nbsp;<\/p>\n<p><strong>CONSELHO FISCAL: <\/strong>M\u00e1rcio Batista Ten\u00f3rio (Ilhabela), Leandro Correa (Brotas), Mauro Ap. Garcia Banhos (Joan\u00f3polis), Clodomiro Correio de Toledo Jr. (Santo Antonio do Pinhal), Alexandre de Siqueira Braga (S\u00e3o Jos\u00e9 do Barreiro), Edvard Colombo (Ibir\u00e1), s\u00e3o os titulares. Jesus Adib Abi Chedid (Bragan\u00e7a Paulista), Jo\u00e3o Mello (Ibi\u00fana) e Durval Ad\u00e9lio de Morais (Eldorado), os suplentes.<\/p>\n<p><strong>\u00a0<\/strong><\/p>\n<p><strong>\u00a0<\/strong><\/p>\n<p>&nbsp;<\/p>\n<p>&nbsp;<\/p>\n<p>&nbsp;<\/p>\n<p>&nbsp;<\/p>\n","protected":false},"excerpt":{"rendered":"<p>Em chapa \u00fanica, Leandro Luciano dos Santos foi eleito para o cargo m\u00e1ximo na mesa da entidade que representa 70<\/p>\n","protected":false},"author":1,"featured_media":0,"comment_status":"open","ping_status":"open","sticky":false,"template":"","format":"standard","meta":{"footnotes":""},"categories":[60],"tags":[],"class_list":["post-479","post","type-post","status-publish","format-standard","hentry","category-turismo"],"_links":{"self":[{"href":"https:\/\/www.santaritadopassaquatro.sp.gov.br\/portal\/wp-json\/wp\/v2\/posts\/479","targetHints":{"allow":["GET"]}}],"collection":[{"href":"https:\/\/www.santaritadopassaquatro.sp.gov.br\/portal\/wp-json\/wp\/v2\/posts"}],"about":[{"href":"https:\/\/www.santaritadopassaquatro.sp.gov.br\/portal\/wp-json\/wp\/v2\/types\/post"}],"author":[{"embeddable":true,"href":"https:\/\/www.santaritadopassaquatro.sp.gov.br\/portal\/wp-json\/wp\/v2\/users\/1"}],"replies":[{"embeddable":true,"href":"https:\/\/www.santaritadopassaquatro.sp.gov.br\/portal\/wp-json\/wp\/v2\/comments?post=479"}],"version-history":[{"count":0,"href":"https:\/\/www.santaritadopassaquatro.sp.gov.br\/portal\/wp-json\/wp\/v2\/posts\/479\/revisions"}],"wp:attachment":[{"href":"https:\/\/www.santaritadopassaquatro.sp.gov.br\/portal\/wp-json\/wp\/v2\/media?parent=479"}],"wp:term":[{"taxonomy":"category","embeddable":true,"href":"https:\/\/www.santaritadopassaquatro.sp.gov.br\/portal\/wp-json\/wp\/v2\/categories?post=479"},{"taxonomy":"post_tag","embeddable":true,"href":"https:\/\/www.santaritadopassaquatro.sp.gov.br\/portal\/wp-json\/wp\/v2\/tags?post=479"}],"curies":[{"name":"wp","href":"https:\/\/api.w.org\/{rel}","templated":true}]}}