{"id":4792,"date":"2021-06-16T15:12:33","date_gmt":"2021-06-16T18:12:33","guid":{"rendered":"http:\/\/www.santaritadopassaquatro.sp.gov.br\/portal\/?p=4792"},"modified":"2021-06-17T18:49:20","modified_gmt":"2021-06-17T21:49:20","slug":"boletim-atualizado-16062021","status":"publish","type":"post","link":"https:\/\/www.santaritadopassaquatro.sp.gov.br\/portal\/boletim-atualizado-16062021\/","title":{"rendered":"BOLETIM ATUALIZADO \u2013 16\/06\/2021"},"content":{"rendered":"<p>A respeito da condu\u00e7\u00e3o do servi\u00e7o de sa\u00fade prestado em nosso munic\u00edpio, em virtude do combate \u00e0 COVID 19, destacam-se as seguintes informa\u00e7\u00f5es:<\/p>\n<p>&#8211; Coleta de 30 (trinta) exames PCR;<br \/>\n&#8211; Recebimento 07 (sete) testes negativo e 18 (dezoito) testes positivo;<br \/>\n&#8211; Recupera\u00e7\u00e3o de 41 (quarenta) pacientes;<br \/>\n&#8211; Internado no Grip\u00e1rio 04 (quatro) pacientes;<br \/>\n&#8211; Internado em outra cidade 05 (cinco) pacientes;<br \/>\n&#8211; Gra\u00e7as a Deus, tivemos alta de um paciente que estava internado em outra cidade;<\/p>\n<p>O departamento municipal de sa\u00fade, buscando zelar pela popula\u00e7\u00e3o santarritense, orienta que a mesma n\u00e3o deixe de cumprir com os cuidados de preven\u00e7\u00e3o, ou seja, o uso adequado de m\u00e1scaras, higieniza\u00e7\u00e3o das m\u00e3os, pr\u00e1tica do distanciamento social e o evitar aglomera\u00e7\u00f5es devem ser pr\u00e1ticas constantes at\u00e9 a erradica\u00e7\u00e3o do novo coronav\u00edrus.<\/p>\n<p style=\"text-align: center;\"><img decoding=\"async\" class=\"aligncenter wp-image-4793\" src=\"http:\/\/www.santaritadopassaquatro.sp.gov.br\/portal\/wp-content\/uploads\/2021\/06\/16062021-819x1024.jpg\" alt=\"\" width=\"539\" height=\"674\" srcset=\"https:\/\/www.santaritadopassaquatro.sp.gov.br\/portal\/wp-content\/uploads\/2021\/06\/16062021-819x1024.jpg 819w, https:\/\/www.santaritadopassaquatro.sp.gov.br\/portal\/wp-content\/uploads\/2021\/06\/16062021-240x300.jpg 240w, https:\/\/www.santaritadopassaquatro.sp.gov.br\/portal\/wp-content\/uploads\/2021\/06\/16062021-768x960.jpg 768w, https:\/\/www.santaritadopassaquatro.sp.gov.br\/portal\/wp-content\/uploads\/2021\/06\/16062021.jpg 1024w\" sizes=\"(max-width: 539px) 100vw, 539px\" \/><\/p>\n","protected":false},"excerpt":{"rendered":"<p>A respeito da condu\u00e7\u00e3o do servi\u00e7o de sa\u00fade prestado em nosso munic\u00edpio, em virtude do combate \u00e0 COVID 19, destacam-se<\/p>\n","protected":false},"author":1,"featured_media":4793,"comment_status":"closed","ping_status":"open","sticky":false,"template":"","format":"standard","meta":{"footnotes":""},"categories":[40],"tags":[],"class_list":["post-4792","post","type-post","status-publish","format-standard","has-post-thumbnail","hentry","category-covid-19"],"_links":{"self":[{"href":"https:\/\/www.santaritadopassaquatro.sp.gov.br\/portal\/wp-json\/wp\/v2\/posts\/4792","targetHints":{"allow":["GET"]}}],"collection":[{"href":"https:\/\/www.santaritadopassaquatro.sp.gov.br\/portal\/wp-json\/wp\/v2\/posts"}],"about":[{"href":"https:\/\/www.santaritadopassaquatro.sp.gov.br\/portal\/wp-json\/wp\/v2\/types\/post"}],"author":[{"embeddable":true,"href":"https:\/\/www.santaritadopassaquatro.sp.gov.br\/portal\/wp-json\/wp\/v2\/users\/1"}],"replies":[{"embeddable":true,"href":"https:\/\/www.santaritadopassaquatro.sp.gov.br\/portal\/wp-json\/wp\/v2\/comments?post=4792"}],"version-history":[{"count":1,"href":"https:\/\/www.santaritadopassaquatro.sp.gov.br\/portal\/wp-json\/wp\/v2\/posts\/4792\/revisions"}],"predecessor-version":[{"id":4794,"href":"https:\/\/www.santaritadopassaquatro.sp.gov.br\/portal\/wp-json\/wp\/v2\/posts\/4792\/revisions\/4794"}],"wp:featuredmedia":[{"embeddable":true,"href":"https:\/\/www.santaritadopassaquatro.sp.gov.br\/portal\/wp-json\/wp\/v2\/media\/4793"}],"wp:attachment":[{"href":"https:\/\/www.santaritadopassaquatro.sp.gov.br\/portal\/wp-json\/wp\/v2\/media?parent=4792"}],"wp:term":[{"taxonomy":"category","embeddable":true,"href":"https:\/\/www.santaritadopassaquatro.sp.gov.br\/portal\/wp-json\/wp\/v2\/categories?post=4792"},{"taxonomy":"post_tag","embeddable":true,"href":"https:\/\/www.santaritadopassaquatro.sp.gov.br\/portal\/wp-json\/wp\/v2\/tags?post=4792"}],"curies":[{"name":"wp","href":"https:\/\/api.w.org\/{rel}","templated":true}]}}