{"id":4800,"date":"2021-06-18T16:36:09","date_gmt":"2021-06-18T19:36:09","guid":{"rendered":"http:\/\/www.santaritadopassaquatro.sp.gov.br\/portal\/?p=4800"},"modified":"2021-06-18T16:36:09","modified_gmt":"2021-06-18T19:36:09","slug":"quase-5-milhoes","status":"publish","type":"post","link":"https:\/\/www.santaritadopassaquatro.sp.gov.br\/portal\/quase-5-milhoes\/","title":{"rendered":"QUASE 5 MILH\u00d5ES!"},"content":{"rendered":"<p>De janeiro at\u00e9 junho de 2021, a cidade de Santa Rita do Passa Quatro recebeu, entre verbas estaduais e federais o total de R$ 4.994.426,00 para o desenvolvimento do munic\u00edpio.<\/p>\n<p>Atrav\u00e9s da prefeitura e vereadores de nossa cidade, Santa Rita conseguiu o apoio de diversos deputados, federal e estadual, que viabilizaram verbas para diversos setores, veja a lista:<\/p>\n<p>&nbsp;<\/p>\n<p><strong>RECURSOS FEDERAIS <\/strong><\/p>\n<ul>\n<li>R$ 1.441.714,00 \u2013 Infraestrutura e acesso ao Mirante do Morro Itatiaia e Revitaliza\u00e7\u00e3o do Parque do Deserto do Alem\u00e3o;<\/li>\n<li>R$ 477.712,00 \u2013 Recapeamento asf\u00e1ltico na Rua In\u00e1cio Ribeiro \u2013 Minist\u00e9rio do Desenvolvimento Regional;<\/li>\n<li>R$ 350.000,00 \u2013 INCREMENTO MAC;<\/li>\n<li>R$ 50.000,00 \u2013 INCREMENTO PAB;<\/li>\n<li>Estrutura\u00e7\u00e3o de unidades de ten\u00e7\u00e3o especializada em sa\u00fade;<\/li>\n<li>R$ 725.000,00 \u2013 Entidades Sociais.<\/li>\n<\/ul>\n<p><strong>\u00a0<\/strong><\/p>\n<p><strong>RECURSOS ESTADUAIS<\/strong><\/p>\n<ul>\n<li>R$ 1.250.000,00 \u2013 Infraestrutura \u2013 Secretaria de Desenvolvimento Regional;<\/li>\n<li>R$ 250.000,00 \u2013 Infraestrutura do Distrito Industrial \u2013 Secretaria do Desenvolvimento Regional;<\/li>\n<li>R$ 100.000,00 \u2013 Aquisi\u00e7\u00e3o de equipamentos \u2013 Secretaria de Cultura e Economia Criativa;<\/li>\n<li>R$ 100.000,00 \u2013 Aquisi\u00e7\u00e3o de ve\u00edculo \u2013 Secretaria de Desenvolvimento Social.<\/li>\n<\/ul>\n<p>&nbsp;<\/p>\n<p>Tantos recursos em t\u00e3o pouco tempo \u00e9 a comprova\u00e7\u00e3o de que prefeitura e c\u00e2mara dos vereadores est\u00e3o trabalhando juntos para fazer Santa Rita crescer muito mais.<\/p>\n","protected":false},"excerpt":{"rendered":"<p>De janeiro at\u00e9 junho de 2021, a cidade de Santa Rita do Passa Quatro recebeu, entre verbas estaduais e federais<\/p>\n","protected":false},"author":1,"featured_media":4801,"comment_status":"closed","ping_status":"open","sticky":false,"template":"","format":"standard","meta":{"footnotes":""},"categories":[47,48],"tags":[],"class_list":["post-4800","post","type-post","status-publish","format-standard","has-post-thumbnail","hentry","category-desenvovimento","category-featured"],"_links":{"self":[{"href":"https:\/\/www.santaritadopassaquatro.sp.gov.br\/portal\/wp-json\/wp\/v2\/posts\/4800","targetHints":{"allow":["GET"]}}],"collection":[{"href":"https:\/\/www.santaritadopassaquatro.sp.gov.br\/portal\/wp-json\/wp\/v2\/posts"}],"about":[{"href":"https:\/\/www.santaritadopassaquatro.sp.gov.br\/portal\/wp-json\/wp\/v2\/types\/post"}],"author":[{"embeddable":true,"href":"https:\/\/www.santaritadopassaquatro.sp.gov.br\/portal\/wp-json\/wp\/v2\/users\/1"}],"replies":[{"embeddable":true,"href":"https:\/\/www.santaritadopassaquatro.sp.gov.br\/portal\/wp-json\/wp\/v2\/comments?post=4800"}],"version-history":[{"count":1,"href":"https:\/\/www.santaritadopassaquatro.sp.gov.br\/portal\/wp-json\/wp\/v2\/posts\/4800\/revisions"}],"predecessor-version":[{"id":4802,"href":"https:\/\/www.santaritadopassaquatro.sp.gov.br\/portal\/wp-json\/wp\/v2\/posts\/4800\/revisions\/4802"}],"wp:featuredmedia":[{"embeddable":true,"href":"https:\/\/www.santaritadopassaquatro.sp.gov.br\/portal\/wp-json\/wp\/v2\/media\/4801"}],"wp:attachment":[{"href":"https:\/\/www.santaritadopassaquatro.sp.gov.br\/portal\/wp-json\/wp\/v2\/media?parent=4800"}],"wp:term":[{"taxonomy":"category","embeddable":true,"href":"https:\/\/www.santaritadopassaquatro.sp.gov.br\/portal\/wp-json\/wp\/v2\/categories?post=4800"},{"taxonomy":"post_tag","embeddable":true,"href":"https:\/\/www.santaritadopassaquatro.sp.gov.br\/portal\/wp-json\/wp\/v2\/tags?post=4800"}],"curies":[{"name":"wp","href":"https:\/\/api.w.org\/{rel}","templated":true}]}}