{"id":4808,"date":"2021-06-19T10:42:46","date_gmt":"2021-06-19T13:42:46","guid":{"rendered":"http:\/\/www.santaritadopassaquatro.sp.gov.br\/portal\/?p=4808"},"modified":"2021-06-28T20:36:38","modified_gmt":"2021-06-28T23:36:38","slug":"atribuicao-de-aulas","status":"publish","type":"post","link":"https:\/\/www.santaritadopassaquatro.sp.gov.br\/portal\/atribuicao-de-aulas\/","title":{"rendered":"ATRIBUI\u00c7\u00c3O DE AULAS"},"content":{"rendered":"<p>&nbsp;<\/p>\n<table width=\"708\">\n<tbody>\n<tr>\n<td width=\"123\"><strong>SALAS\/<\/strong><\/p>\n<p><strong>DISCIPLINAS<\/strong><\/td>\n<td width=\"302\"><strong>\u00a0<\/strong><\/p>\n<p><strong>AULAS<\/strong><\/p>\n<p><strong>\u00a0<\/strong><\/td>\n<td width=\"113\"><strong>PERIODO<\/strong><\/p>\n<p><strong>\u00a0<\/strong><\/td>\n<td width=\"170\"><strong>EMEF<\/strong><\/td>\n<\/tr>\n<tr>\n<td width=\"123\">&nbsp;<\/p>\n<p>1\u00ba ANO \u00a0C<\/td>\n<td width=\"302\">Em virtude da aposentadoria da Professora Roselaine Aparecida Prearo<\/p>\n<p>&nbsp;<\/p>\n<p>20h\/aulas + 10HTPs<\/p>\n<p>&nbsp;<\/td>\n<td width=\"113\">&nbsp;<\/p>\n<p>&nbsp;<\/p>\n<p>Tarde<\/p>\n<p>&nbsp;<\/td>\n<td width=\"170\">&nbsp;<\/p>\n<p>&nbsp;<\/p>\n<p>Francisco Ribeiro<\/p>\n<p>&nbsp;<\/td>\n<\/tr>\n<\/tbody>\n<\/table>\n<p>&nbsp;<\/p>\n<table width=\"708\">\n<tbody>\n<tr>\n<td width=\"123\"><strong>SALAS\/<\/strong><\/p>\n<p><strong>DISCIPLINAS<\/strong><\/td>\n<td width=\"302\"><strong>\u00a0<\/strong><\/p>\n<p><strong>AULAS<\/strong><\/p>\n<p><strong>\u00a0<\/strong><\/td>\n<td width=\"113\"><strong>PERIODO<\/strong><\/p>\n<p><strong>\u00a0<\/strong><\/td>\n<td width=\"170\"><strong>EMEF<\/strong><\/td>\n<\/tr>\n<tr>\n<td width=\"123\">&nbsp;<\/p>\n<p>5\u00ba ANO B<\/td>\n<td width=\"302\">Em substitui\u00e7\u00e3o \u00e0 Prof.\u00aa Tatiane C. Barboza Terassi, afastada como Professora Respons\u00e1vel pela EMEF \u201cProf. Jo\u00e3o Baptista da Rocha Corr\u00eaa\u201d<\/p>\n<p>&nbsp;<\/p>\n<p>20h\/aulas + 10HTPs<\/p>\n<p>&nbsp;<\/td>\n<td width=\"113\">&nbsp;<\/p>\n<p>&nbsp;<\/p>\n<p>Manh\u00e3<\/p>\n<p>&nbsp;<\/td>\n<td width=\"170\">&nbsp;<\/p>\n<p>&nbsp;<\/p>\n<p>Madre Carmelita<\/p>\n<p>&nbsp;<\/td>\n<\/tr>\n<\/tbody>\n<\/table>\n<p>&nbsp;<\/p>\n<p><strong>ANEXO II \u2013 A QUE SE REFERE O ART. 21 DA PORTARIA NORMATIVA DME N\u00ba 003, DE 23 DE NOVEMBRO DE 2020 &#8211; CRONOGRAMA DE ATRIBUI\u00c7\u00c3O DE CLASSES\/AULAS \u2013 ANO DE 2021<\/strong><\/p>\n<p><strong><u>Atribui\u00e7\u00e3o aos Contratados Tempor\u00e1rios \u2013 Processo Seletivo<\/u><\/strong><\/p>\n<table style=\"width: 786px;\">\n<tbody>\n<tr>\n<td style=\"width: 386px;\"><strong><u>Finalidade<\/u><\/strong><\/td>\n<td style=\"width: 52px;\"><strong><u>Data<\/u><\/strong><\/td>\n<td style=\"width: 79px;\"><strong><u>Hor\u00e1rio<\/u><\/strong><\/td>\n<td style=\"width: 241px;\"><strong><u>Local<\/u><\/strong><\/td>\n<\/tr>\n<tr>\n<td style=\"width: 386px;\">Atribuir classes e\/ou aulas aos contratados tempor\u00e1rios, conforme lista classificat\u00f3ria, e comprovada habilita\u00e7\u00e3o espec\u00edfica, para as fun\u00e7\u00f5es atividade: Professor de PEBI<\/td>\n<td style=\"width: 52px;\"><strong>23\/06<\/strong><\/td>\n<td style=\"width: 79px;\"><strong>10h<\/strong><\/td>\n<td style=\"width: 241px;\">Departamento de Educa\u00e7\u00e3o<\/td>\n<\/tr>\n<\/tbody>\n<\/table>\n<p><strong>\u00a0<\/strong><\/p>\n<p><strong>Classifica\u00e7\u00e3o \u2013 Processo Seletivo n\u00ba 01\/2019<\/strong><\/p>\n<p>Sala de Apoio (PSA) \u2013 pr\u00f3ximo n\u00ba. 28<br \/>\nPEB I \u2013 pr\u00f3ximo n\u00ba. 140<br \/>\nPEI \u2013 pr\u00f3ximo n\u00ba. 127<br \/>\nMatem\u00e1tica \u2013 pr\u00f3ximo n\u00ba. 16<br \/>\nCi\u00eancias \u2013 pr\u00f3ximo n\u00ba. 03<br \/>\nGeografia \u2013 pr\u00f3ximo n\u00ba. 07<br \/>\nHist\u00f3ria \u2013 pr\u00f3ximo n\u00ba. 04<br \/>\nIngl\u00eas \u2013 pr\u00f3ximo n\u00ba. 16<br \/>\nInform\u00e1tica \u2013 pr\u00f3ximo n\u00ba. 08<br \/>\nArte \u2013 pr\u00f3ximo n\u00ba. 07<br \/>\nEduca\u00e7\u00e3o F\u00edsica \u2013 pr\u00f3ximo n\u00ba. 10<br \/>\nPortugu\u00eas \u2013 pr\u00f3ximo n\u00ba. 07<\/p>\n<p>&nbsp;<\/p>\n<p><strong>OBS:- COMPROVAR HABILITA\u00c7\u00c3O E AC\u00daMULO DE CARGO (CASO HAJA);<\/strong><br \/>\n<strong>P\/PROCURA\u00c7\u00c3O A MESMA DEVER\u00c1 ESTAR COM FIRMA RECONHECIDA.<\/strong><\/p>\n<p><strong>\u00a0<\/strong><\/p>\n<p>&nbsp;<\/p>\n<p>&nbsp;<\/p>\n<p>&nbsp;<\/p>\n","protected":false},"excerpt":{"rendered":"<p>&nbsp; SALAS\/ DISCIPLINAS \u00a0 AULAS \u00a0 PERIODO \u00a0 EMEF &nbsp; 1\u00ba ANO \u00a0C Em virtude da aposentadoria da Professora Roselaine<\/p>\n","protected":false},"author":1,"featured_media":0,"comment_status":"closed","ping_status":"open","sticky":false,"template":"","format":"standard","meta":{"footnotes":""},"categories":[33],"tags":[],"class_list":["post-4808","post","type-post","status-publish","format-standard","hentry","category-atribuicao-de-aulas"],"_links":{"self":[{"href":"https:\/\/www.santaritadopassaquatro.sp.gov.br\/portal\/wp-json\/wp\/v2\/posts\/4808","targetHints":{"allow":["GET"]}}],"collection":[{"href":"https:\/\/www.santaritadopassaquatro.sp.gov.br\/portal\/wp-json\/wp\/v2\/posts"}],"about":[{"href":"https:\/\/www.santaritadopassaquatro.sp.gov.br\/portal\/wp-json\/wp\/v2\/types\/post"}],"author":[{"embeddable":true,"href":"https:\/\/www.santaritadopassaquatro.sp.gov.br\/portal\/wp-json\/wp\/v2\/users\/1"}],"replies":[{"embeddable":true,"href":"https:\/\/www.santaritadopassaquatro.sp.gov.br\/portal\/wp-json\/wp\/v2\/comments?post=4808"}],"version-history":[{"count":3,"href":"https:\/\/www.santaritadopassaquatro.sp.gov.br\/portal\/wp-json\/wp\/v2\/posts\/4808\/revisions"}],"predecessor-version":[{"id":4811,"href":"https:\/\/www.santaritadopassaquatro.sp.gov.br\/portal\/wp-json\/wp\/v2\/posts\/4808\/revisions\/4811"}],"wp:attachment":[{"href":"https:\/\/www.santaritadopassaquatro.sp.gov.br\/portal\/wp-json\/wp\/v2\/media?parent=4808"}],"wp:term":[{"taxonomy":"category","embeddable":true,"href":"https:\/\/www.santaritadopassaquatro.sp.gov.br\/portal\/wp-json\/wp\/v2\/categories?post=4808"},{"taxonomy":"post_tag","embeddable":true,"href":"https:\/\/www.santaritadopassaquatro.sp.gov.br\/portal\/wp-json\/wp\/v2\/tags?post=4808"}],"curies":[{"name":"wp","href":"https:\/\/api.w.org\/{rel}","templated":true}]}}