{"id":4864,"date":"2021-06-29T12:44:35","date_gmt":"2021-06-29T15:44:35","guid":{"rendered":"http:\/\/www.santaritadopassaquatro.sp.gov.br\/portal\/?p=4864"},"modified":"2021-06-30T12:46:23","modified_gmt":"2021-06-30T15:46:23","slug":"boletim-atualizado-28062021-2","status":"publish","type":"post","link":"https:\/\/www.santaritadopassaquatro.sp.gov.br\/portal\/boletim-atualizado-28062021-2\/","title":{"rendered":"BOLETIM ATUALIZADO \u2013 28\/06\/2021"},"content":{"rendered":"<p>A respeito da condu\u00e7\u00e3o do servi\u00e7o de sa\u00fade prestado em nosso munic\u00edpio, em virtude do combate \u00e0 COVID 19, destacam-se as seguintes informa\u00e7\u00f5es:<\/p>\n<p>&#8211; Coleta de 22 (vinte e dois) exames PCR;<br \/>\n&#8211; Recebimento 15 (quinze) testes negativo e 16 (dezesseis) testes positivo;<br \/>\n&#8211; Internado no Grip\u00e1rio 01 (um) paciente;<br \/>\n&#8211; Internado em outra cidade 07 (sete) pacientes;<br \/>\n-Gra\u00e7as a Deus , tivemos alta de um paciente que estava internado em outra cidade;<\/p>\n<p>&nbsp;<\/p>\n<p>O departamento municipal de sa\u00fade, buscando zelar pela popula\u00e7\u00e3o santarritense, orienta que a mesma n\u00e3o deixe de cumprir com os cuidados de preven\u00e7\u00e3o, ou seja, o uso adequado de m\u00e1scaras, uni higieniza\u00e7\u00e3o das m\u00e3os, pr\u00e1tica do distanciamento social e o evitar aglomera\u00e7\u00f5es devem ser pr\u00e1ticas constantes at\u00e9 a erradica\u00e7\u00e3o do novo coronav\u00edrus.<\/p>\n<p style=\"text-align: center;\"><img decoding=\"async\" class=\"alignnone size-medium wp-image-4866\" src=\"http:\/\/www.santaritadopassaquatro.sp.gov.br\/portal\/wp-content\/uploads\/2021\/06\/28-06-240x300.jpg\" alt=\"\" width=\"240\" height=\"300\" srcset=\"https:\/\/www.santaritadopassaquatro.sp.gov.br\/portal\/wp-content\/uploads\/2021\/06\/28-06-240x300.jpg 240w, https:\/\/www.santaritadopassaquatro.sp.gov.br\/portal\/wp-content\/uploads\/2021\/06\/28-06-768x960.jpg 768w, https:\/\/www.santaritadopassaquatro.sp.gov.br\/portal\/wp-content\/uploads\/2021\/06\/28-06-819x1024.jpg 819w, https:\/\/www.santaritadopassaquatro.sp.gov.br\/portal\/wp-content\/uploads\/2021\/06\/28-06.jpg 1024w\" sizes=\"(max-width: 240px) 100vw, 240px\" \/><\/p>\n","protected":false},"excerpt":{"rendered":"<p>A respeito da condu\u00e7\u00e3o do servi\u00e7o de sa\u00fade prestado em nosso munic\u00edpio, em virtude do combate \u00e0 COVID 19, destacam-se<\/p>\n","protected":false},"author":1,"featured_media":4866,"comment_status":"closed","ping_status":"open","sticky":false,"template":"","format":"standard","meta":{"footnotes":""},"categories":[40],"tags":[],"class_list":["post-4864","post","type-post","status-publish","format-standard","has-post-thumbnail","hentry","category-covid-19"],"_links":{"self":[{"href":"https:\/\/www.santaritadopassaquatro.sp.gov.br\/portal\/wp-json\/wp\/v2\/posts\/4864","targetHints":{"allow":["GET"]}}],"collection":[{"href":"https:\/\/www.santaritadopassaquatro.sp.gov.br\/portal\/wp-json\/wp\/v2\/posts"}],"about":[{"href":"https:\/\/www.santaritadopassaquatro.sp.gov.br\/portal\/wp-json\/wp\/v2\/types\/post"}],"author":[{"embeddable":true,"href":"https:\/\/www.santaritadopassaquatro.sp.gov.br\/portal\/wp-json\/wp\/v2\/users\/1"}],"replies":[{"embeddable":true,"href":"https:\/\/www.santaritadopassaquatro.sp.gov.br\/portal\/wp-json\/wp\/v2\/comments?post=4864"}],"version-history":[{"count":1,"href":"https:\/\/www.santaritadopassaquatro.sp.gov.br\/portal\/wp-json\/wp\/v2\/posts\/4864\/revisions"}],"predecessor-version":[{"id":4867,"href":"https:\/\/www.santaritadopassaquatro.sp.gov.br\/portal\/wp-json\/wp\/v2\/posts\/4864\/revisions\/4867"}],"wp:featuredmedia":[{"embeddable":true,"href":"https:\/\/www.santaritadopassaquatro.sp.gov.br\/portal\/wp-json\/wp\/v2\/media\/4866"}],"wp:attachment":[{"href":"https:\/\/www.santaritadopassaquatro.sp.gov.br\/portal\/wp-json\/wp\/v2\/media?parent=4864"}],"wp:term":[{"taxonomy":"category","embeddable":true,"href":"https:\/\/www.santaritadopassaquatro.sp.gov.br\/portal\/wp-json\/wp\/v2\/categories?post=4864"},{"taxonomy":"post_tag","embeddable":true,"href":"https:\/\/www.santaritadopassaquatro.sp.gov.br\/portal\/wp-json\/wp\/v2\/tags?post=4864"}],"curies":[{"name":"wp","href":"https:\/\/api.w.org\/{rel}","templated":true}]}}