{"id":490,"date":"2019-01-25T15:19:11","date_gmt":"2019-01-25T17:19:11","guid":{"rendered":"http:\/\/www.santaritadopassaquatro.sp.gov.br\/portal\/?p=490"},"modified":"2019-01-25T15:19:11","modified_gmt":"2019-01-25T17:19:11","slug":"prefeito-vice-e-vereador-recebem-agradecimento-de-estudantes-da-ee-nelson-fernandes-por-apoio","status":"publish","type":"post","link":"https:\/\/www.santaritadopassaquatro.sp.gov.br\/portal\/prefeito-vice-e-vereador-recebem-agradecimento-de-estudantes-da-ee-nelson-fernandes-por-apoio\/","title":{"rendered":"Prefeito, vice e vereador recebem agradecimento de estudantes da EE Nelson Fernandes por apoio"},"content":{"rendered":"<p><strong><em>Alunos recebem medalhadas em olimp\u00edadas de matem\u00e1tica, f\u00edsica, astronomia e astron\u00e1utica e Jornada de Foguetes<\/em><\/strong><\/p>\n<p>&nbsp;<\/p>\n<figure id=\"attachment_491\" aria-describedby=\"caption-attachment-491\" style=\"width: 300px\" class=\"wp-caption alignleft\"><img decoding=\"async\" class=\"wp-image-491 size-medium\" src=\"http:\/\/www.santaritadopassaquatro.sp.gov.br\/portal\/wp-content\/uploads\/2019\/01\/pefeito_alunos_nelson_fernandes_w-300x200.jpg\" alt=\"\" width=\"300\" height=\"200\" srcset=\"https:\/\/www.santaritadopassaquatro.sp.gov.br\/portal\/wp-content\/uploads\/2019\/01\/pefeito_alunos_nelson_fernandes_w-300x200.jpg 300w, https:\/\/www.santaritadopassaquatro.sp.gov.br\/portal\/wp-content\/uploads\/2019\/01\/pefeito_alunos_nelson_fernandes_w.jpg 600w\" sizes=\"(max-width: 300px) 100vw, 300px\" \/><figcaption id=\"caption-attachment-491\" class=\"wp-caption-text\"><span style=\"font-size: 8pt;\"><strong><em>Alunos, professores da E.E. Nelson Fernandes com o vereador, prefeito e vice-prefeita (AssCom\/Divulga\u00e7\u00e3o)<\/em><\/strong><\/span><\/figcaption><\/figure>\n<p><em>[Sta. Rita P. Quatro-SP &#8211; 25\/1\/19] &#8211;<\/em> Professores e alunos da Escola Estadual Nelson Fernandes, de Santa Rita do Passa Quatro, estiveram com o prefeito Leandro Luciano dos Santos, a vice-prefeita Maria Rita Mondin de Oliveira e o vereador Kleber Alessandro Borotto, na \u00faltima sexta-feira (18\/1), com o objetivo de agradecer pelo apoio recebido da Prefeitura em 2018, considerado fundamental para que os estudantes conquistassem v\u00e1rios pr\u00eamios durante o ano.<\/p>\n<p>O grupo tamb\u00e9m mostrou o trof\u00e9u conquistado na Jornada de Foguetes em Barra do Pira\u00ed, que consagrou a escola Nelson Fernandes como heptacampe\u00e3 da competi\u00e7\u00e3o, e entregou ao prefeito, vice e vereador o certificado de participa\u00e7\u00e3o na 12\u00aa Mostra Brasileira de Foguetes, promovido pela Sociedade Astron\u00f4mica Brasileira (SAB) e Ag\u00eancia Espacial Brasileira (AEB). Durante a visita, eles conversaram sobre os novos convites para o ano de 2019, como o Festival Brasileiro de Minifiguetes que ser\u00e1 em Curitiba.<\/p>\n<p>Al\u00e9m da prefeitura, os alunos da EE Nelson Fernandes contam tamb\u00e9m com apoio da Comasa e do com\u00e9rcio local, para viabilizar as viagens.<\/p>\n<p>Desde 2005, a escola santa-ritense vem divulgando o nome do munic\u00edpio em importantes competi\u00e7\u00f5es, como Olimp\u00edada Canguru de Matem\u00e1tica Brasil e na Olimp\u00edada Internacional de Matem\u00e1tica sem Fronteiras, Olimp\u00edada Brasileira de F\u00edsica (OBF), Olimp\u00edada Brasileira de F\u00edsica das Escolas P\u00fablicas (OBFEP), Olimp\u00edada Paulista de Matem\u00e1tica (OPM), Olimp\u00edada Paulista de F\u00edsica (OPF) e Olimp\u00edada Brasileira de Astronomia e Astron\u00e1utica (OBA), Jornada de Foguetes, entre outras,<\/p>\n<p>&nbsp;<\/p>\n<p>&nbsp;<\/p>\n","protected":false},"excerpt":{"rendered":"<p>Alunos recebem medalhadas em olimp\u00edadas de matem\u00e1tica, f\u00edsica, astronomia e astron\u00e1utica e Jornada de Foguetes &nbsp; [Sta. Rita P. Quatro-SP<\/p>\n","protected":false},"author":1,"featured_media":0,"comment_status":"open","ping_status":"open","sticky":false,"template":"","format":"standard","meta":{"footnotes":""},"categories":[1],"tags":[],"class_list":["post-490","post","type-post","status-publish","format-standard","hentry","category-sem-categoria"],"_links":{"self":[{"href":"https:\/\/www.santaritadopassaquatro.sp.gov.br\/portal\/wp-json\/wp\/v2\/posts\/490","targetHints":{"allow":["GET"]}}],"collection":[{"href":"https:\/\/www.santaritadopassaquatro.sp.gov.br\/portal\/wp-json\/wp\/v2\/posts"}],"about":[{"href":"https:\/\/www.santaritadopassaquatro.sp.gov.br\/portal\/wp-json\/wp\/v2\/types\/post"}],"author":[{"embeddable":true,"href":"https:\/\/www.santaritadopassaquatro.sp.gov.br\/portal\/wp-json\/wp\/v2\/users\/1"}],"replies":[{"embeddable":true,"href":"https:\/\/www.santaritadopassaquatro.sp.gov.br\/portal\/wp-json\/wp\/v2\/comments?post=490"}],"version-history":[{"count":0,"href":"https:\/\/www.santaritadopassaquatro.sp.gov.br\/portal\/wp-json\/wp\/v2\/posts\/490\/revisions"}],"wp:attachment":[{"href":"https:\/\/www.santaritadopassaquatro.sp.gov.br\/portal\/wp-json\/wp\/v2\/media?parent=490"}],"wp:term":[{"taxonomy":"category","embeddable":true,"href":"https:\/\/www.santaritadopassaquatro.sp.gov.br\/portal\/wp-json\/wp\/v2\/categories?post=490"},{"taxonomy":"post_tag","embeddable":true,"href":"https:\/\/www.santaritadopassaquatro.sp.gov.br\/portal\/wp-json\/wp\/v2\/tags?post=490"}],"curies":[{"name":"wp","href":"https:\/\/api.w.org\/{rel}","templated":true}]}}