{"id":4917,"date":"2021-07-03T19:01:04","date_gmt":"2021-07-03T22:01:04","guid":{"rendered":"http:\/\/www.santaritadopassaquatro.sp.gov.br\/portal\/?p=4917"},"modified":"2021-07-13T19:02:33","modified_gmt":"2021-07-13T22:02:33","slug":"treinamento-para-brigada-de-incendio","status":"publish","type":"post","link":"https:\/\/www.santaritadopassaquatro.sp.gov.br\/portal\/treinamento-para-brigada-de-incendio\/","title":{"rendered":"Treinamento para Brigada de Inc\u00eandio"},"content":{"rendered":"<p>No dia 2 de julho de 2021, \u00e0s 08:00 horas, no Pelot\u00e3o de Bombeiros de Porto Ferreira, foi realizado o &#8220;Treinamento da Opera\u00e7\u00e3o Corta Fogo&#8221;. A instru\u00e7\u00e3o ocorreu de forma te\u00f3rica e pr\u00e1tica, obedecendo aos protocolos vigentes de seguran\u00e7a com rela\u00e7\u00e3o \u00e0 pandemia COVID-19. Representando a Prefeitura Municipal de Santa Rita do Passa Quatro estiveram os motoristas, Paulo Henrique de Rosa, Alan Zamprogno, Dorival Rosa, Mois\u00e9s Lencione, Welligton Coelho e Roberto Pedro, que tamb\u00e9m fazem parte do grupo de apoio de controle de inc\u00eandios do munic\u00edpio (PAM, RINEM).<\/p>\n<p><a href=\"https:\/\/business.facebook.com\/hashtag\/santarita?source=feed_text&amp;epa=HASHTAG&amp;__xts__%5B0%5D=68.ARBQW7RYmMiiOljgG9SaBIKo_4cg4xXmJegI1PLCoFwhrirCHKcXJ_KgkU0jGe-7kw63V6uoT2guGuxk8F6LoI5eytFOxRToaLSxW7us3OTiuZCi2fq8Z665ec4Z2LTAkP9QSFeRxebNrN6Wmag9A8amum-oqFtSpg9nJ8YcxgFMHYs-QTD8emuRVMTfwWCkDQOtwwNVxLI2cQOJrsPaL9WsMXH6nSWcl1eYP65YYB_6aMCe92byqb34VuMKEsfECeDQtjyzP3SP8S0uEGPe57iFRVkIvpiugOEEsdk1mDohuNwjdlM&amp;__tn__=%2ANK-R\">#santarita<\/a>\u00a0<a href=\"https:\/\/business.facebook.com\/hashtag\/operacaocortafogo?source=feed_text&amp;epa=HASHTAG&amp;__xts__%5B0%5D=68.ARBQW7RYmMiiOljgG9SaBIKo_4cg4xXmJegI1PLCoFwhrirCHKcXJ_KgkU0jGe-7kw63V6uoT2guGuxk8F6LoI5eytFOxRToaLSxW7us3OTiuZCi2fq8Z665ec4Z2LTAkP9QSFeRxebNrN6Wmag9A8amum-oqFtSpg9nJ8YcxgFMHYs-QTD8emuRVMTfwWCkDQOtwwNVxLI2cQOJrsPaL9WsMXH6nSWcl1eYP65YYB_6aMCe92byqb34VuMKEsfECeDQtjyzP3SP8S0uEGPe57iFRVkIvpiugOEEsdk1mDohuNwjdlM&amp;__tn__=%2ANK-R\">#operacaocortafogo<\/a>\u00a0<a href=\"https:\/\/business.facebook.com\/hashtag\/responsabilidadesocioambiental?source=feed_text&amp;epa=HASHTAG&amp;__xts__%5B0%5D=68.ARBQW7RYmMiiOljgG9SaBIKo_4cg4xXmJegI1PLCoFwhrirCHKcXJ_KgkU0jGe-7kw63V6uoT2guGuxk8F6LoI5eytFOxRToaLSxW7us3OTiuZCi2fq8Z665ec4Z2LTAkP9QSFeRxebNrN6Wmag9A8amum-oqFtSpg9nJ8YcxgFMHYs-QTD8emuRVMTfwWCkDQOtwwNVxLI2cQOJrsPaL9WsMXH6nSWcl1eYP65YYB_6aMCe92byqb34VuMKEsfECeDQtjyzP3SP8S0uEGPe57iFRVkIvpiugOEEsdk1mDohuNwjdlM&amp;__tn__=%2ANK-R\">#responsabilidadesocioambiental<\/a>\u00a0<a href=\"https:\/\/business.facebook.com\/hashtag\/pracrescerebrilhar?source=feed_text&amp;epa=HASHTAG&amp;__xts__%5B0%5D=68.ARBQW7RYmMiiOljgG9SaBIKo_4cg4xXmJegI1PLCoFwhrirCHKcXJ_KgkU0jGe-7kw63V6uoT2guGuxk8F6LoI5eytFOxRToaLSxW7us3OTiuZCi2fq8Z665ec4Z2LTAkP9QSFeRxebNrN6Wmag9A8amum-oqFtSpg9nJ8YcxgFMHYs-QTD8emuRVMTfwWCkDQOtwwNVxLI2cQOJrsPaL9WsMXH6nSWcl1eYP65YYB_6aMCe92byqb34VuMKEsfECeDQtjyzP3SP8S0uEGPe57iFRVkIvpiugOEEsdk1mDohuNwjdlM&amp;__tn__=%2ANK-R\">#pracrescerebrilhar<\/a><\/p>\n<p style=\"text-align: center;\"><img decoding=\"async\" class=\"aligncenter size-large wp-image-4918\" src=\"http:\/\/www.santaritadopassaquatro.sp.gov.br\/portal\/wp-content\/uploads\/2021\/07\/treinamento_fogo-1024x768.jpg\" alt=\"\" width=\"800\" height=\"600\" srcset=\"https:\/\/www.santaritadopassaquatro.sp.gov.br\/portal\/wp-content\/uploads\/2021\/07\/treinamento_fogo.jpg 1024w, https:\/\/www.santaritadopassaquatro.sp.gov.br\/portal\/wp-content\/uploads\/2021\/07\/treinamento_fogo-300x225.jpg 300w, https:\/\/www.santaritadopassaquatro.sp.gov.br\/portal\/wp-content\/uploads\/2021\/07\/treinamento_fogo-768x576.jpg 768w\" sizes=\"(max-width: 800px) 100vw, 800px\" \/><\/p>\n","protected":false},"excerpt":{"rendered":"<p>No dia 2 de julho de 2021, \u00e0s 08:00 horas, no Pelot\u00e3o de Bombeiros de Porto Ferreira, foi realizado o<\/p>\n","protected":false},"author":1,"featured_media":4919,"comment_status":"closed","ping_status":"open","sticky":false,"template":"","format":"standard","meta":{"footnotes":""},"categories":[53],"tags":[],"class_list":["post-4917","post","type-post","status-publish","format-standard","has-post-thumbnail","hentry","category-meio-ambiente"],"_links":{"self":[{"href":"https:\/\/www.santaritadopassaquatro.sp.gov.br\/portal\/wp-json\/wp\/v2\/posts\/4917","targetHints":{"allow":["GET"]}}],"collection":[{"href":"https:\/\/www.santaritadopassaquatro.sp.gov.br\/portal\/wp-json\/wp\/v2\/posts"}],"about":[{"href":"https:\/\/www.santaritadopassaquatro.sp.gov.br\/portal\/wp-json\/wp\/v2\/types\/post"}],"author":[{"embeddable":true,"href":"https:\/\/www.santaritadopassaquatro.sp.gov.br\/portal\/wp-json\/wp\/v2\/users\/1"}],"replies":[{"embeddable":true,"href":"https:\/\/www.santaritadopassaquatro.sp.gov.br\/portal\/wp-json\/wp\/v2\/comments?post=4917"}],"version-history":[{"count":1,"href":"https:\/\/www.santaritadopassaquatro.sp.gov.br\/portal\/wp-json\/wp\/v2\/posts\/4917\/revisions"}],"predecessor-version":[{"id":4920,"href":"https:\/\/www.santaritadopassaquatro.sp.gov.br\/portal\/wp-json\/wp\/v2\/posts\/4917\/revisions\/4920"}],"wp:featuredmedia":[{"embeddable":true,"href":"https:\/\/www.santaritadopassaquatro.sp.gov.br\/portal\/wp-json\/wp\/v2\/media\/4919"}],"wp:attachment":[{"href":"https:\/\/www.santaritadopassaquatro.sp.gov.br\/portal\/wp-json\/wp\/v2\/media?parent=4917"}],"wp:term":[{"taxonomy":"category","embeddable":true,"href":"https:\/\/www.santaritadopassaquatro.sp.gov.br\/portal\/wp-json\/wp\/v2\/categories?post=4917"},{"taxonomy":"post_tag","embeddable":true,"href":"https:\/\/www.santaritadopassaquatro.sp.gov.br\/portal\/wp-json\/wp\/v2\/tags?post=4917"}],"curies":[{"name":"wp","href":"https:\/\/api.w.org\/{rel}","templated":true}]}}