{"id":4921,"date":"2021-06-29T19:02:42","date_gmt":"2021-06-29T22:02:42","guid":{"rendered":"http:\/\/www.santaritadopassaquatro.sp.gov.br\/portal\/?p=4921"},"modified":"2021-07-13T19:04:42","modified_gmt":"2021-07-13T22:04:42","slug":"acao-de-educacao-ambiental-com-foco-em-fragilidades-e-potencialidades-do-uso-do-solo-2","status":"publish","type":"post","link":"https:\/\/www.santaritadopassaquatro.sp.gov.br\/portal\/acao-de-educacao-ambiental-com-foco-em-fragilidades-e-potencialidades-do-uso-do-solo-2\/","title":{"rendered":"A\u00e7\u00e3o de Educa\u00e7\u00e3o Ambiental com foco em \u201cFragilidades e Potencialidades do Uso do Solo\u201d"},"content":{"rendered":"<p>No dia 28 de junho de 2021, a equipe do Departamento de Agricultura e Meio Ambiente com o Professor Francisco Odair Coradello, da escola estadual Nelson Fernandes, acompanharam os alunos do Projeto de Educa\u00e7\u00e3o Ambiental at\u00e9 a \u00e1rea de reflorestamento localizada no bairro Jardim Bonanza para realizar uma aula pr\u00e1tica sobre reflorestamento, fragilidades e potencialidades do solo. Durante a a\u00e7\u00e3o os alunos Gabriel da Silva Navarro, Sagislaine Cristiane Machado da Silva, Anthony de Oliveira Natalino, Mariana Helena Marciano e Ingrid Cardoso de S\u00e1, puderam observar \u00e1reas com processo erosivo, nascentes, \u00e1reas de preserva\u00e7\u00e3o permanente e reflorestamento. Al\u00e9m do professor Odair, estiveram presentes os professores, Renan Ventura e Claudia Mardegan. Foram plantadas durante a a\u00e7\u00e3o 6 mudas de plantas nativas na \u00e1rea de reflorestamento pelos alunos presentes. A a\u00e7\u00e3o foi realizada apenas com 5 alunos, para que houvesse o distanciamento necess\u00e1rio devido \u00e0 pandemia de COVID-19.<\/p>\n<p><a href=\"https:\/\/business.facebook.com\/hashtag\/santarita?source=feed_text&amp;epa=HASHTAG&amp;__xts__%5B0%5D=68.ARC_zAnChiSs8lB3npVqDk9nKJ-NfRB2Q7gtRRbhgydtec8PbCRrK0c_7BPYYBtTiRVYdpUNZyZWTYxBJwRhLus9zc_g5MGpZ79UCJ92plUws2gQGLqFR9oogJSfWpUKhJ8MANamaJKfferOiZYoj0xGOnOGtLawv6Ws6tLIz3TYUFzoJR1IMGH3QIXflXPD-QUKbqf6M4Aqvb44Kg7Lxnm5ho_BWTxjHOPWXa3By8mmCnvu1AdqWmbtH1WZXj3r8BJ1F_EtP12ZRnL16Hg9M4q-Q81juzFUXHBh_yqIhckcUj-ko7s&amp;__tn__=%2ANK-R\">#santarita<\/a>\u00a0<a href=\"https:\/\/business.facebook.com\/hashtag\/meioambiente?source=feed_text&amp;epa=HASHTAG&amp;__xts__%5B0%5D=68.ARC_zAnChiSs8lB3npVqDk9nKJ-NfRB2Q7gtRRbhgydtec8PbCRrK0c_7BPYYBtTiRVYdpUNZyZWTYxBJwRhLus9zc_g5MGpZ79UCJ92plUws2gQGLqFR9oogJSfWpUKhJ8MANamaJKfferOiZYoj0xGOnOGtLawv6Ws6tLIz3TYUFzoJR1IMGH3QIXflXPD-QUKbqf6M4Aqvb44Kg7Lxnm5ho_BWTxjHOPWXa3By8mmCnvu1AdqWmbtH1WZXj3r8BJ1F_EtP12ZRnL16Hg9M4q-Q81juzFUXHBh_yqIhckcUj-ko7s&amp;__tn__=%2ANK-R\">#meioambiente<\/a>\u00a0<a href=\"https:\/\/business.facebook.com\/hashtag\/responsabilidadesocioambiental?source=feed_text&amp;epa=HASHTAG&amp;__xts__%5B0%5D=68.ARC_zAnChiSs8lB3npVqDk9nKJ-NfRB2Q7gtRRbhgydtec8PbCRrK0c_7BPYYBtTiRVYdpUNZyZWTYxBJwRhLus9zc_g5MGpZ79UCJ92plUws2gQGLqFR9oogJSfWpUKhJ8MANamaJKfferOiZYoj0xGOnOGtLawv6Ws6tLIz3TYUFzoJR1IMGH3QIXflXPD-QUKbqf6M4Aqvb44Kg7Lxnm5ho_BWTxjHOPWXa3By8mmCnvu1AdqWmbtH1WZXj3r8BJ1F_EtP12ZRnL16Hg9M4q-Q81juzFUXHBh_yqIhckcUj-ko7s&amp;__tn__=%2ANK-R\">#responsabilidadesocioambiental<\/a>\u00a0<a href=\"https:\/\/business.facebook.com\/hashtag\/pracrescerebrilhar?source=feed_text&amp;epa=HASHTAG&amp;__xts__%5B0%5D=68.ARC_zAnChiSs8lB3npVqDk9nKJ-NfRB2Q7gtRRbhgydtec8PbCRrK0c_7BPYYBtTiRVYdpUNZyZWTYxBJwRhLus9zc_g5MGpZ79UCJ92plUws2gQGLqFR9oogJSfWpUKhJ8MANamaJKfferOiZYoj0xGOnOGtLawv6Ws6tLIz3TYUFzoJR1IMGH3QIXflXPD-QUKbqf6M4Aqvb44Kg7Lxnm5ho_BWTxjHOPWXa3By8mmCnvu1AdqWmbtH1WZXj3r8BJ1F_EtP12ZRnL16Hg9M4q-Q81juzFUXHBh_yqIhckcUj-ko7s&amp;__tn__=%2ANK-R\">#pracrescerebrilhar<\/a><\/p>\n<p style=\"text-align: center;\"><img decoding=\"async\" class=\"aligncenter size-large wp-image-4923\" src=\"http:\/\/www.santaritadopassaquatro.sp.gov.br\/portal\/wp-content\/uploads\/2021\/07\/educao_ambiental1-1024x768.jpg\" alt=\"\" width=\"800\" height=\"600\" srcset=\"https:\/\/www.santaritadopassaquatro.sp.gov.br\/portal\/wp-content\/uploads\/2021\/07\/educao_ambiental1-1024x768.jpg 1024w, https:\/\/www.santaritadopassaquatro.sp.gov.br\/portal\/wp-content\/uploads\/2021\/07\/educao_ambiental1-300x225.jpg 300w, https:\/\/www.santaritadopassaquatro.sp.gov.br\/portal\/wp-content\/uploads\/2021\/07\/educao_ambiental1-768x576.jpg 768w, https:\/\/www.santaritadopassaquatro.sp.gov.br\/portal\/wp-content\/uploads\/2021\/07\/educao_ambiental1.jpg 1156w\" sizes=\"(max-width: 800px) 100vw, 800px\" \/><\/p>\n","protected":false},"excerpt":{"rendered":"<p>No dia 28 de junho de 2021, a equipe do Departamento de Agricultura e Meio Ambiente com o Professor Francisco<\/p>\n","protected":false},"author":1,"featured_media":4922,"comment_status":"closed","ping_status":"open","sticky":false,"template":"","format":"standard","meta":{"footnotes":""},"categories":[53],"tags":[],"class_list":["post-4921","post","type-post","status-publish","format-standard","has-post-thumbnail","hentry","category-meio-ambiente"],"_links":{"self":[{"href":"https:\/\/www.santaritadopassaquatro.sp.gov.br\/portal\/wp-json\/wp\/v2\/posts\/4921","targetHints":{"allow":["GET"]}}],"collection":[{"href":"https:\/\/www.santaritadopassaquatro.sp.gov.br\/portal\/wp-json\/wp\/v2\/posts"}],"about":[{"href":"https:\/\/www.santaritadopassaquatro.sp.gov.br\/portal\/wp-json\/wp\/v2\/types\/post"}],"author":[{"embeddable":true,"href":"https:\/\/www.santaritadopassaquatro.sp.gov.br\/portal\/wp-json\/wp\/v2\/users\/1"}],"replies":[{"embeddable":true,"href":"https:\/\/www.santaritadopassaquatro.sp.gov.br\/portal\/wp-json\/wp\/v2\/comments?post=4921"}],"version-history":[{"count":1,"href":"https:\/\/www.santaritadopassaquatro.sp.gov.br\/portal\/wp-json\/wp\/v2\/posts\/4921\/revisions"}],"predecessor-version":[{"id":4924,"href":"https:\/\/www.santaritadopassaquatro.sp.gov.br\/portal\/wp-json\/wp\/v2\/posts\/4921\/revisions\/4924"}],"wp:featuredmedia":[{"embeddable":true,"href":"https:\/\/www.santaritadopassaquatro.sp.gov.br\/portal\/wp-json\/wp\/v2\/media\/4922"}],"wp:attachment":[{"href":"https:\/\/www.santaritadopassaquatro.sp.gov.br\/portal\/wp-json\/wp\/v2\/media?parent=4921"}],"wp:term":[{"taxonomy":"category","embeddable":true,"href":"https:\/\/www.santaritadopassaquatro.sp.gov.br\/portal\/wp-json\/wp\/v2\/categories?post=4921"},{"taxonomy":"post_tag","embeddable":true,"href":"https:\/\/www.santaritadopassaquatro.sp.gov.br\/portal\/wp-json\/wp\/v2\/tags?post=4921"}],"curies":[{"name":"wp","href":"https:\/\/api.w.org\/{rel}","templated":true}]}}