{"id":4925,"date":"2021-07-06T19:04:47","date_gmt":"2021-07-06T22:04:47","guid":{"rendered":"http:\/\/www.santaritadopassaquatro.sp.gov.br\/portal\/?p=4925"},"modified":"2021-07-13T19:06:10","modified_gmt":"2021-07-13T22:06:10","slug":"visita-tecnica-a-nascente-modelo","status":"publish","type":"post","link":"https:\/\/www.santaritadopassaquatro.sp.gov.br\/portal\/visita-tecnica-a-nascente-modelo\/","title":{"rendered":"VISITA T\u00c9CNICA \u00c0 NASCENTE MODELO"},"content":{"rendered":"<p>No dia 5 de julho de 2021, os representantes de sala da Escola T\u00e9cnica Manoel dos Reis Ara\u00fajo, estiveram com a professora Maria Salete Zufelatto Vencel, a coordenadora pedag\u00f3gica Ana J\u00falia dos Santos Rani e a orientadora educacional Maria Am\u00e9lia Sette Antonialli Rosa, participando de uma visita \u00e0 Nascente Modelo do Munic\u00edpio de Santa Rita do Passa Quatro. A visita t\u00e9cnica foi monitorada pelos funcion\u00e1rios do Departamento de Agricultura e Meio\u00a0Ambiente, que acompanharam e orientaram os alunos Felipe Gustavo Duarte, Eduarda Bageto Rigue e Jana\u00edna Pedro Boaventura, sobre a import\u00e2ncia da preserva\u00e7\u00e3o das nascentes e suas APP\u2019s, tamb\u00e9m foi observada uma \u00e1rea com processo erosivo, outras nascentes e uma \u00e1rea de reflorestamento. Participaram da a\u00e7\u00e3o apenas 3 professoras e 3 alunos, para que houvesse o distanciamento necess\u00e1rio devido \u00e0 pandemia de COVID-19. A \u00e1rea da Nascente Modelo, localizada pr\u00f3ximo ao Jardim Bonanza, \u00e9 de f\u00e1cil acesso e pode ser visitada atrav\u00e9s de agendamento pr\u00e9vio no departamento de Agricultura e Meio Ambiente, atrav\u00e9s do telefone (19) 3582\u20139004 ou 3582\u20139007.<\/p>\n<p><a href=\"https:\/\/business.facebook.com\/hashtag\/nascentemodelo?source=feed_text&amp;epa=HASHTAG&amp;__xts__%5B0%5D=68.ARAkTtKRVh10znCGhyKFnQwxraujxu7tvjVJtzWbInVYrQU1AwQT_I1mdkAyje8jJrjXrBp3pU1HSm0xi449AYG7Lz-RCO43YDkdAskAFpb4nQKMxV29tKx1lIvkpP5DrT2ZnWfRsx3XGzHupF374WzdG-kALmbQA6RGGZKP0GVuHTUJytrS6DBh2mVRwpPA3kIxMfISQiERp0Cn-l_8D4bv87pJ_TGZ1o3pMqVC03FGLCddcDf5SluUl74w9F7RsmNpfF6p5XGZEhA5CEw_zK6BmDMwWOSQMCdQbwrZIeQNq-AE9ag&amp;__tn__=%2ANK-R\">#nascentemodelo<\/a>\u00a0<a href=\"https:\/\/business.facebook.com\/hashtag\/meioambiente?source=feed_text&amp;epa=HASHTAG&amp;__xts__%5B0%5D=68.ARAkTtKRVh10znCGhyKFnQwxraujxu7tvjVJtzWbInVYrQU1AwQT_I1mdkAyje8jJrjXrBp3pU1HSm0xi449AYG7Lz-RCO43YDkdAskAFpb4nQKMxV29tKx1lIvkpP5DrT2ZnWfRsx3XGzHupF374WzdG-kALmbQA6RGGZKP0GVuHTUJytrS6DBh2mVRwpPA3kIxMfISQiERp0Cn-l_8D4bv87pJ_TGZ1o3pMqVC03FGLCddcDf5SluUl74w9F7RsmNpfF6p5XGZEhA5CEw_zK6BmDMwWOSQMCdQbwrZIeQNq-AE9ag&amp;__tn__=%2ANK-R\">#meioambiente<\/a>\u00a0<a href=\"https:\/\/business.facebook.com\/hashtag\/santarita?source=feed_text&amp;epa=HASHTAG&amp;__xts__%5B0%5D=68.ARAkTtKRVh10znCGhyKFnQwxraujxu7tvjVJtzWbInVYrQU1AwQT_I1mdkAyje8jJrjXrBp3pU1HSm0xi449AYG7Lz-RCO43YDkdAskAFpb4nQKMxV29tKx1lIvkpP5DrT2ZnWfRsx3XGzHupF374WzdG-kALmbQA6RGGZKP0GVuHTUJytrS6DBh2mVRwpPA3kIxMfISQiERp0Cn-l_8D4bv87pJ_TGZ1o3pMqVC03FGLCddcDf5SluUl74w9F7RsmNpfF6p5XGZEhA5CEw_zK6BmDMwWOSQMCdQbwrZIeQNq-AE9ag&amp;__tn__=%2ANK-R\">#santarita<\/a><\/p>\n<p style=\"text-align: center;\"><img decoding=\"async\" class=\"aligncenter size-large wp-image-4927\" src=\"http:\/\/www.santaritadopassaquatro.sp.gov.br\/portal\/wp-content\/uploads\/2021\/07\/nascente1-1024x461.png\" alt=\"\" width=\"800\" height=\"360\" srcset=\"https:\/\/www.santaritadopassaquatro.sp.gov.br\/portal\/wp-content\/uploads\/2021\/07\/nascente1-1024x461.png 1024w, https:\/\/www.santaritadopassaquatro.sp.gov.br\/portal\/wp-content\/uploads\/2021\/07\/nascente1-300x135.png 300w, https:\/\/www.santaritadopassaquatro.sp.gov.br\/portal\/wp-content\/uploads\/2021\/07\/nascente1-768x346.png 768w, https:\/\/www.santaritadopassaquatro.sp.gov.br\/portal\/wp-content\/uploads\/2021\/07\/nascente1.png 1280w\" sizes=\"(max-width: 800px) 100vw, 800px\" \/><\/p>\n","protected":false},"excerpt":{"rendered":"<p>No dia 5 de julho de 2021, os representantes de sala da Escola T\u00e9cnica Manoel dos Reis Ara\u00fajo, estiveram com<\/p>\n","protected":false},"author":1,"featured_media":4926,"comment_status":"closed","ping_status":"open","sticky":false,"template":"","format":"standard","meta":{"footnotes":""},"categories":[53],"tags":[],"class_list":["post-4925","post","type-post","status-publish","format-standard","has-post-thumbnail","hentry","category-meio-ambiente"],"_links":{"self":[{"href":"https:\/\/www.santaritadopassaquatro.sp.gov.br\/portal\/wp-json\/wp\/v2\/posts\/4925","targetHints":{"allow":["GET"]}}],"collection":[{"href":"https:\/\/www.santaritadopassaquatro.sp.gov.br\/portal\/wp-json\/wp\/v2\/posts"}],"about":[{"href":"https:\/\/www.santaritadopassaquatro.sp.gov.br\/portal\/wp-json\/wp\/v2\/types\/post"}],"author":[{"embeddable":true,"href":"https:\/\/www.santaritadopassaquatro.sp.gov.br\/portal\/wp-json\/wp\/v2\/users\/1"}],"replies":[{"embeddable":true,"href":"https:\/\/www.santaritadopassaquatro.sp.gov.br\/portal\/wp-json\/wp\/v2\/comments?post=4925"}],"version-history":[{"count":1,"href":"https:\/\/www.santaritadopassaquatro.sp.gov.br\/portal\/wp-json\/wp\/v2\/posts\/4925\/revisions"}],"predecessor-version":[{"id":4928,"href":"https:\/\/www.santaritadopassaquatro.sp.gov.br\/portal\/wp-json\/wp\/v2\/posts\/4925\/revisions\/4928"}],"wp:featuredmedia":[{"embeddable":true,"href":"https:\/\/www.santaritadopassaquatro.sp.gov.br\/portal\/wp-json\/wp\/v2\/media\/4926"}],"wp:attachment":[{"href":"https:\/\/www.santaritadopassaquatro.sp.gov.br\/portal\/wp-json\/wp\/v2\/media?parent=4925"}],"wp:term":[{"taxonomy":"category","embeddable":true,"href":"https:\/\/www.santaritadopassaquatro.sp.gov.br\/portal\/wp-json\/wp\/v2\/categories?post=4925"},{"taxonomy":"post_tag","embeddable":true,"href":"https:\/\/www.santaritadopassaquatro.sp.gov.br\/portal\/wp-json\/wp\/v2\/tags?post=4925"}],"curies":[{"name":"wp","href":"https:\/\/api.w.org\/{rel}","templated":true}]}}