{"id":4929,"date":"2021-07-13T19:07:44","date_gmt":"2021-07-13T22:07:44","guid":{"rendered":"http:\/\/www.santaritadopassaquatro.sp.gov.br\/portal\/?p=4929"},"modified":"2021-07-13T19:07:44","modified_gmt":"2021-07-13T22:07:44","slug":"piloto-de-compostagem-no-viveiro-municipal","status":"publish","type":"post","link":"https:\/\/www.santaritadopassaquatro.sp.gov.br\/portal\/piloto-de-compostagem-no-viveiro-municipal\/","title":{"rendered":"Piloto de Compostagem no Viveiro Municipal"},"content":{"rendered":"<p>Desde 2017 o Viveiro Municipal, localizado \u00e0 ETE \u201cManoel dos Reis Ara\u00fajo\u201d, vem desenvolvendo a pr\u00e1tica da compostagem. Todo material gerado nas atividades do viveiro de mudas \u00e9 disposto em \u201cleiras\u201d (ac\u00famulo linear de material), e assim que se obt\u00e9m boa quantidade, isso \u00e9 coberto com uma camada de cerca de 10 cm de esterco de curral. O processo de decomposi\u00e7\u00e3o da mat\u00e9ria org\u00e2nica pode durar at\u00e9 120 dias, dependendo das condi\u00e7\u00f5es de temperatura e umidade, por isso nos per\u00edodos de maior estiagem o material \u00e9 molhado, o que facilita a penetra\u00e7\u00e3o do esterco e prolifera\u00e7\u00e3o de bact\u00e9rias e fungos que atuam na decomposi\u00e7\u00e3o.<\/p>\n<p>No ano passado toda a produ\u00e7\u00e3o foi absorvida pelo pr\u00f3prio Viveiro. Pensando em nossa popula\u00e7\u00e3o, o objetivo do Viveiro Municipal para o ano de 2021 \u00e9 que os mun\u00edcipes possam retirar pequenas por\u00e7\u00f5es de compostagem para ser usados em jardins, pequenas planta\u00e7\u00f5es, contribuindo para o meio ambiente. O trabalho foi realizado na \u00faltima quinta-feira, 1 de julho de 2021, a partir dessa data \u00e9 necess\u00e1rio esperar os 120 dias para que o composto org\u00e2nico esteja em condi\u00e7\u00f5es de uso. Para os interessados em retirar a compostagem \u00e9 necess\u00e1rio entrar em contato com o Departamento de Agricultura e Meio Ambiente para pegar o protocolo de autoriza\u00e7\u00e3o de retirada do composto no Viveiro Municipal.<\/p>\n<p><a href=\"https:\/\/business.facebook.com\/hashtag\/santarita?source=feed_text&amp;epa=HASHTAG&amp;__xts__%5B0%5D=68.ARBiRCTyXIogyLZGVgnw9mhF3Z_5y693wS_QXTh0_-GCgq2ZSNTLzthkwa8eY_4k36gy3Ss8gk9TsK3ndQsO40isGWGJHIvbTjTgau1JUgzkuaAFAkhyaTlP49hxJit5pW1XNm9S01YU_TelTDxih7mbk7aN-1IW-bMIZumxtNRJmpMVxqq5yQYJvvv9t58qGNPdcdrndzLeLsafXBH3J3MOj4sFXcOPeRt4d5ohRvlMrejbsptct2dasYrHM5RvgV0-aY6KdfEZoOg-okjfMhVI4UoNwD61d-_MlnOFgLDuwBu1x3Q&amp;__tn__=%2ANK-R\">#santarita<\/a>\u00a0<a href=\"https:\/\/business.facebook.com\/hashtag\/meioambiente?source=feed_text&amp;epa=HASHTAG&amp;__xts__%5B0%5D=68.ARBiRCTyXIogyLZGVgnw9mhF3Z_5y693wS_QXTh0_-GCgq2ZSNTLzthkwa8eY_4k36gy3Ss8gk9TsK3ndQsO40isGWGJHIvbTjTgau1JUgzkuaAFAkhyaTlP49hxJit5pW1XNm9S01YU_TelTDxih7mbk7aN-1IW-bMIZumxtNRJmpMVxqq5yQYJvvv9t58qGNPdcdrndzLeLsafXBH3J3MOj4sFXcOPeRt4d5ohRvlMrejbsptct2dasYrHM5RvgV0-aY6KdfEZoOg-okjfMhVI4UoNwD61d-_MlnOFgLDuwBu1x3Q&amp;__tn__=%2ANK-R\">#meioambiente<\/a>\u00a0<a href=\"https:\/\/business.facebook.com\/hashtag\/responsabilidadesocioambiental?source=feed_text&amp;epa=HASHTAG&amp;__xts__%5B0%5D=68.ARBiRCTyXIogyLZGVgnw9mhF3Z_5y693wS_QXTh0_-GCgq2ZSNTLzthkwa8eY_4k36gy3Ss8gk9TsK3ndQsO40isGWGJHIvbTjTgau1JUgzkuaAFAkhyaTlP49hxJit5pW1XNm9S01YU_TelTDxih7mbk7aN-1IW-bMIZumxtNRJmpMVxqq5yQYJvvv9t58qGNPdcdrndzLeLsafXBH3J3MOj4sFXcOPeRt4d5ohRvlMrejbsptct2dasYrHM5RvgV0-aY6KdfEZoOg-okjfMhVI4UoNwD61d-_MlnOFgLDuwBu1x3Q&amp;__tn__=%2ANK-R\">#responsabilidadesocioambiental<\/a><\/p>\n<p style=\"text-align: center;\"><img decoding=\"async\" class=\"aligncenter size-large wp-image-4930\" src=\"http:\/\/www.santaritadopassaquatro.sp.gov.br\/portal\/wp-content\/uploads\/2021\/07\/compostagem-1024x576.png\" alt=\"\" width=\"800\" height=\"450\" srcset=\"https:\/\/www.santaritadopassaquatro.sp.gov.br\/portal\/wp-content\/uploads\/2021\/07\/compostagem-1024x576.png 1024w, https:\/\/www.santaritadopassaquatro.sp.gov.br\/portal\/wp-content\/uploads\/2021\/07\/compostagem-300x169.png 300w, https:\/\/www.santaritadopassaquatro.sp.gov.br\/portal\/wp-content\/uploads\/2021\/07\/compostagem-768x432.png 768w, https:\/\/www.santaritadopassaquatro.sp.gov.br\/portal\/wp-content\/uploads\/2021\/07\/compostagem.png 1280w\" sizes=\"(max-width: 800px) 100vw, 800px\" \/><\/p>\n","protected":false},"excerpt":{"rendered":"<p>Desde 2017 o Viveiro Municipal, localizado \u00e0 ETE \u201cManoel dos Reis Ara\u00fajo\u201d, vem desenvolvendo a pr\u00e1tica da compostagem. Todo material<\/p>\n","protected":false},"author":1,"featured_media":4931,"comment_status":"closed","ping_status":"open","sticky":false,"template":"","format":"standard","meta":{"footnotes":""},"categories":[53],"tags":[],"class_list":["post-4929","post","type-post","status-publish","format-standard","has-post-thumbnail","hentry","category-meio-ambiente"],"_links":{"self":[{"href":"https:\/\/www.santaritadopassaquatro.sp.gov.br\/portal\/wp-json\/wp\/v2\/posts\/4929","targetHints":{"allow":["GET"]}}],"collection":[{"href":"https:\/\/www.santaritadopassaquatro.sp.gov.br\/portal\/wp-json\/wp\/v2\/posts"}],"about":[{"href":"https:\/\/www.santaritadopassaquatro.sp.gov.br\/portal\/wp-json\/wp\/v2\/types\/post"}],"author":[{"embeddable":true,"href":"https:\/\/www.santaritadopassaquatro.sp.gov.br\/portal\/wp-json\/wp\/v2\/users\/1"}],"replies":[{"embeddable":true,"href":"https:\/\/www.santaritadopassaquatro.sp.gov.br\/portal\/wp-json\/wp\/v2\/comments?post=4929"}],"version-history":[{"count":1,"href":"https:\/\/www.santaritadopassaquatro.sp.gov.br\/portal\/wp-json\/wp\/v2\/posts\/4929\/revisions"}],"predecessor-version":[{"id":4932,"href":"https:\/\/www.santaritadopassaquatro.sp.gov.br\/portal\/wp-json\/wp\/v2\/posts\/4929\/revisions\/4932"}],"wp:featuredmedia":[{"embeddable":true,"href":"https:\/\/www.santaritadopassaquatro.sp.gov.br\/portal\/wp-json\/wp\/v2\/media\/4931"}],"wp:attachment":[{"href":"https:\/\/www.santaritadopassaquatro.sp.gov.br\/portal\/wp-json\/wp\/v2\/media?parent=4929"}],"wp:term":[{"taxonomy":"category","embeddable":true,"href":"https:\/\/www.santaritadopassaquatro.sp.gov.br\/portal\/wp-json\/wp\/v2\/categories?post=4929"},{"taxonomy":"post_tag","embeddable":true,"href":"https:\/\/www.santaritadopassaquatro.sp.gov.br\/portal\/wp-json\/wp\/v2\/tags?post=4929"}],"curies":[{"name":"wp","href":"https:\/\/api.w.org\/{rel}","templated":true}]}}