{"id":4933,"date":"2021-07-08T19:08:18","date_gmt":"2021-07-08T22:08:18","guid":{"rendered":"http:\/\/www.santaritadopassaquatro.sp.gov.br\/portal\/?p=4933"},"modified":"2021-07-13T19:09:15","modified_gmt":"2021-07-13T22:09:15","slug":"audiencia-publica-sobre-o-lixao-foi-um-sucesso","status":"publish","type":"post","link":"https:\/\/www.santaritadopassaquatro.sp.gov.br\/portal\/audiencia-publica-sobre-o-lixao-foi-um-sucesso\/","title":{"rendered":"AUDI\u00caNCIA P\u00daBLICA SOBRE O \u201cLIX\u00c3O\u201d FOI UM SUCESSO!"},"content":{"rendered":"<p>Ontem (05\/07) foi realizada uma audi\u00eancia p\u00fablica no Centro Cultural Mario Covas para debater um problema que se arrasta h\u00e1 161 anos: O DESCARTE DO LIXO EM NOSSA CIDADE.<br \/>\nO evento, apresentado por Germano Quaglio &#8211; Diretor do Departamento de Agricultura e Meio Ambiente -, colocou em evid\u00eancia a gravidade da situa\u00e7\u00e3o em que se encontra o servi\u00e7o de\u00a0coleta, transporte e descarte dos res\u00edduos de nosso munic\u00edpio, a degrada\u00e7\u00e3o do nosso meio ambiente e o risco \u00e0 sa\u00fade dos recicladores, que se arriscam diariamente separando os recicl\u00e1veis dentro do \u201clix\u00e3o\u201d. Por fim, Germano Quaglio indicou quais as solu\u00e7\u00f5es para sanar de uma vez por todas esse problema, fazendo de Santa Rita uma cidade com responsabilidade ambiental.<\/p>\n<p><a href=\"https:\/\/business.facebook.com\/hashtag\/santarita?epa=HASHTAG\">#santarita<\/a>\u00a0<a href=\"https:\/\/business.facebook.com\/hashtag\/pracrescerebrilhar?epa=HASHTAG\">#pracrescerebrilhar<\/a>\u00a0<a href=\"https:\/\/business.facebook.com\/hashtag\/responsabilidadesocioambiental?epa=HASHTAG\">#responsabilidadesocioambiental<\/a>\u00a0<a href=\"https:\/\/business.facebook.com\/hashtag\/cidadelimpaebonita?epa=HASHTAG\">#cidadelimpaebonita<\/a><\/p>\n","protected":false},"excerpt":{"rendered":"<p>Ontem (05\/07) foi realizada uma audi\u00eancia p\u00fablica no Centro Cultural Mario Covas para debater um problema que se arrasta h\u00e1<\/p>\n","protected":false},"author":1,"featured_media":4934,"comment_status":"closed","ping_status":"open","sticky":false,"template":"","format":"standard","meta":{"footnotes":""},"categories":[53],"tags":[],"class_list":["post-4933","post","type-post","status-publish","format-standard","has-post-thumbnail","hentry","category-meio-ambiente"],"_links":{"self":[{"href":"https:\/\/www.santaritadopassaquatro.sp.gov.br\/portal\/wp-json\/wp\/v2\/posts\/4933","targetHints":{"allow":["GET"]}}],"collection":[{"href":"https:\/\/www.santaritadopassaquatro.sp.gov.br\/portal\/wp-json\/wp\/v2\/posts"}],"about":[{"href":"https:\/\/www.santaritadopassaquatro.sp.gov.br\/portal\/wp-json\/wp\/v2\/types\/post"}],"author":[{"embeddable":true,"href":"https:\/\/www.santaritadopassaquatro.sp.gov.br\/portal\/wp-json\/wp\/v2\/users\/1"}],"replies":[{"embeddable":true,"href":"https:\/\/www.santaritadopassaquatro.sp.gov.br\/portal\/wp-json\/wp\/v2\/comments?post=4933"}],"version-history":[{"count":1,"href":"https:\/\/www.santaritadopassaquatro.sp.gov.br\/portal\/wp-json\/wp\/v2\/posts\/4933\/revisions"}],"predecessor-version":[{"id":4935,"href":"https:\/\/www.santaritadopassaquatro.sp.gov.br\/portal\/wp-json\/wp\/v2\/posts\/4933\/revisions\/4935"}],"wp:featuredmedia":[{"embeddable":true,"href":"https:\/\/www.santaritadopassaquatro.sp.gov.br\/portal\/wp-json\/wp\/v2\/media\/4934"}],"wp:attachment":[{"href":"https:\/\/www.santaritadopassaquatro.sp.gov.br\/portal\/wp-json\/wp\/v2\/media?parent=4933"}],"wp:term":[{"taxonomy":"category","embeddable":true,"href":"https:\/\/www.santaritadopassaquatro.sp.gov.br\/portal\/wp-json\/wp\/v2\/categories?post=4933"},{"taxonomy":"post_tag","embeddable":true,"href":"https:\/\/www.santaritadopassaquatro.sp.gov.br\/portal\/wp-json\/wp\/v2\/tags?post=4933"}],"curies":[{"name":"wp","href":"https:\/\/api.w.org\/{rel}","templated":true}]}}