{"id":4936,"date":"2021-07-13T19:10:25","date_gmt":"2021-07-13T22:10:25","guid":{"rendered":"http:\/\/www.santaritadopassaquatro.sp.gov.br\/portal\/?p=4936"},"modified":"2021-07-13T19:10:57","modified_gmt":"2021-07-13T22:10:57","slug":"convite-de-treinamento-para-brigada-de-incendio","status":"publish","type":"post","link":"https:\/\/www.santaritadopassaquatro.sp.gov.br\/portal\/convite-de-treinamento-para-brigada-de-incendio\/","title":{"rendered":"Convite de Treinamento para Brigada de Inc\u00eandio"},"content":{"rendered":"<p>No dia 22 de julho de 2021, \u00e0s 8:30h, o Comandante do 2\u00b0 Pelot\u00e3o de Bombeiros de Porto Ferreira &#8211; 4\u00b0 SGB \/ 9\u00b0 GB EDERSON MARTINS REVELLI, realizar\u00e1 Treinamento para Brigada de Inc\u00eandio em nosso munic\u00edpio, que ocorrer\u00e1 de forma te\u00f3rica no Centro de Conven\u00e7\u00f5es &#8220;M\u00e1rio Covas&#8221;, e pr\u00e1tica no Clube de Campo Municipal, obedecendo os protocolos vigentes de seguran\u00e7a com rela\u00e7\u00e3o \u00e0 pandemia COVID-19. Inscri\u00e7\u00f5es no Departamento de Agricultura e Meio Ambiente atrav\u00e9s dos telefones (19) 3582-9004 \/ 3582-9007.<\/p>\n<p style=\"text-align: center;\"><img decoding=\"async\" class=\"aligncenter size-large wp-image-4937\" src=\"http:\/\/www.santaritadopassaquatro.sp.gov.br\/portal\/wp-content\/uploads\/2021\/07\/treinamento_fogo4-1024x536.jpg\" alt=\"\" width=\"800\" height=\"419\" srcset=\"https:\/\/www.santaritadopassaquatro.sp.gov.br\/portal\/wp-content\/uploads\/2021\/07\/treinamento_fogo4-1024x536.jpg 1024w, https:\/\/www.santaritadopassaquatro.sp.gov.br\/portal\/wp-content\/uploads\/2021\/07\/treinamento_fogo4-300x157.jpg 300w, https:\/\/www.santaritadopassaquatro.sp.gov.br\/portal\/wp-content\/uploads\/2021\/07\/treinamento_fogo4-768x402.jpg 768w, https:\/\/www.santaritadopassaquatro.sp.gov.br\/portal\/wp-content\/uploads\/2021\/07\/treinamento_fogo4-390x205.jpg 390w, https:\/\/www.santaritadopassaquatro.sp.gov.br\/portal\/wp-content\/uploads\/2021\/07\/treinamento_fogo4.jpg 1200w\" sizes=\"(max-width: 800px) 100vw, 800px\" \/><\/p>\n","protected":false},"excerpt":{"rendered":"<p>No dia 22 de julho de 2021, \u00e0s 8:30h, o Comandante do 2\u00b0 Pelot\u00e3o de Bombeiros de Porto Ferreira &#8211;<\/p>\n","protected":false},"author":1,"featured_media":4937,"comment_status":"closed","ping_status":"open","sticky":false,"template":"","format":"standard","meta":{"footnotes":""},"categories":[48,53],"tags":[],"class_list":["post-4936","post","type-post","status-publish","format-standard","has-post-thumbnail","hentry","category-featured","category-meio-ambiente"],"_links":{"self":[{"href":"https:\/\/www.santaritadopassaquatro.sp.gov.br\/portal\/wp-json\/wp\/v2\/posts\/4936","targetHints":{"allow":["GET"]}}],"collection":[{"href":"https:\/\/www.santaritadopassaquatro.sp.gov.br\/portal\/wp-json\/wp\/v2\/posts"}],"about":[{"href":"https:\/\/www.santaritadopassaquatro.sp.gov.br\/portal\/wp-json\/wp\/v2\/types\/post"}],"author":[{"embeddable":true,"href":"https:\/\/www.santaritadopassaquatro.sp.gov.br\/portal\/wp-json\/wp\/v2\/users\/1"}],"replies":[{"embeddable":true,"href":"https:\/\/www.santaritadopassaquatro.sp.gov.br\/portal\/wp-json\/wp\/v2\/comments?post=4936"}],"version-history":[{"count":1,"href":"https:\/\/www.santaritadopassaquatro.sp.gov.br\/portal\/wp-json\/wp\/v2\/posts\/4936\/revisions"}],"predecessor-version":[{"id":4938,"href":"https:\/\/www.santaritadopassaquatro.sp.gov.br\/portal\/wp-json\/wp\/v2\/posts\/4936\/revisions\/4938"}],"wp:featuredmedia":[{"embeddable":true,"href":"https:\/\/www.santaritadopassaquatro.sp.gov.br\/portal\/wp-json\/wp\/v2\/media\/4937"}],"wp:attachment":[{"href":"https:\/\/www.santaritadopassaquatro.sp.gov.br\/portal\/wp-json\/wp\/v2\/media?parent=4936"}],"wp:term":[{"taxonomy":"category","embeddable":true,"href":"https:\/\/www.santaritadopassaquatro.sp.gov.br\/portal\/wp-json\/wp\/v2\/categories?post=4936"},{"taxonomy":"post_tag","embeddable":true,"href":"https:\/\/www.santaritadopassaquatro.sp.gov.br\/portal\/wp-json\/wp\/v2\/tags?post=4936"}],"curies":[{"name":"wp","href":"https:\/\/api.w.org\/{rel}","templated":true}]}}