{"id":496,"date":"2019-01-25T15:23:27","date_gmt":"2019-01-25T17:23:27","guid":{"rendered":"http:\/\/www.santaritadopassaquatro.sp.gov.br\/portal\/?p=496"},"modified":"2019-01-25T15:23:27","modified_gmt":"2019-01-25T17:23:27","slug":"revisao-do-plano-municipal-de-turismo-tera-audiencia-publica-em-fevereiro","status":"publish","type":"post","link":"https:\/\/www.santaritadopassaquatro.sp.gov.br\/portal\/revisao-do-plano-municipal-de-turismo-tera-audiencia-publica-em-fevereiro\/","title":{"rendered":"Revis\u00e3o do Plano Municipal de Turismo ter\u00e1 audi\u00eancia p\u00fablica em fevereiro"},"content":{"rendered":"<p><strong><em>Evento acontece no pr\u00f3ximo dia 14 de fevereiro no Centro Cultural M\u00e1rio Covas<\/em><\/strong><\/p>\n<p><strong><em>\u00a0<\/em><\/strong><\/p>\n<p>[Sta. Rita P. Quatro-SP &#8211; 25\/1\/19] &#8211; No pr\u00f3ximo dia 14 de fevereiro, quinta-feira, a popula\u00e7\u00e3o de Santa Rita do Passa Quatro ter\u00e1 oportunidade de participar da primeira audi\u00eancia p\u00fablica para revis\u00e3o do Plano Municipal de Turismo (PMT). O evento acontece a partir das 18h30, no Centro Cultural M\u00e1rio Covas e ir\u00e1 debater os princ\u00edpios organizacionais, escolha de segmentos, valida\u00e7\u00e3o de an\u00e1lises, entre outros.<\/p>\n<p>&nbsp;<\/p>\n<p>O audi\u00eancia faz parte dos conjuntos de a\u00e7\u00f5es que dar\u00e3o sequ\u00eancia ao Plano Municipal de Turismo, elaborado e finalizado entre 2015 e 2016, quando o munic\u00edpio deu um importante passo para avan\u00e7ar em um dos segmentos que mais crescem no mundo: o turismo.<\/p>\n<p>&nbsp;<\/p>\n<p>O primeiro Plano Municipal de Turismo de Santa Rita foi apresentado ao p\u00fablico em abril de 2016. O documento na \u00e9poca foi elaborado por empresa especializada para definir as a\u00e7\u00f5es a serem executadas pelo poder p\u00fablico nos pr\u00f3ximos anos.<\/p>\n<p>&nbsp;<\/p>\n<p>O documento foi totalmente desenvolvido a partir de diagn\u00f3stico realizado no munic\u00edpio, desde o ano anterior, com visitas aos locais de potencial tur\u00edstico, entrevistas com pessoas e an\u00e1lise do cen\u00e1rio, como infraestrutura, transporte, entre outros. Tamb\u00e9m foram realizadas reuni\u00f5es e oficinas com o Comtur, para discuss\u00e3o de temas e fatores importantes para universalizar e favorecer o acesso ao turismo.<\/p>\n<p>&nbsp;<\/p>\n<p>Com base nestes dados, foi elaborado um amplo documento, que contou como aprova\u00e7\u00e3o no Legislativo Municipal, se tornando a Lei Municipal 3293, de 17 de maio de 2016.<\/p>\n<p>&nbsp;<\/p>\n<p>Atrav\u00e9s de metas a curto, m\u00e9dio e longo prazos o PMT tem como principal objetivo fomentar o desenvolvimento da atividade tur\u00edstica santa-ritense, de modo a superar as expectativas dos turistas e beneficiar a economia, a cultura e a sociedade como um todo.<\/p>\n<p>&nbsp;<\/p>\n<figure id=\"attachment_497\" aria-describedby=\"caption-attachment-497\" style=\"width: 300px\" class=\"wp-caption alignleft\"><img decoding=\"async\" class=\"wp-image-497 size-medium\" src=\"http:\/\/www.santaritadopassaquatro.sp.gov.br\/portal\/wp-content\/uploads\/2019\/01\/Plano_Turismo_apresentacao_w-300x209.jpg\" alt=\"\" width=\"300\" height=\"209\" srcset=\"https:\/\/www.santaritadopassaquatro.sp.gov.br\/portal\/wp-content\/uploads\/2019\/01\/Plano_Turismo_apresentacao_w-300x209.jpg 300w, https:\/\/www.santaritadopassaquatro.sp.gov.br\/portal\/wp-content\/uploads\/2019\/01\/Plano_Turismo_apresentacao_w-392x272.jpg 392w, https:\/\/www.santaritadopassaquatro.sp.gov.br\/portal\/wp-content\/uploads\/2019\/01\/Plano_Turismo_apresentacao_w-130x90.jpg 130w, https:\/\/www.santaritadopassaquatro.sp.gov.br\/portal\/wp-content\/uploads\/2019\/01\/Plano_Turismo_apresentacao_w.jpg 574w\" sizes=\"(max-width: 300px) 100vw, 300px\" \/><figcaption id=\"caption-attachment-497\" class=\"wp-caption-text\"><span style=\"font-size: 8pt; color: #999999;\"><strong><em>A apresenta\u00e7\u00e3o do Plano Municipal de Turismo, em Audi\u00eancia P\u00fablica, em abril de 2016, no Centro Cultural (Arquivo\/AssCom\/Divulga\u00e7\u00e3o)<\/em><\/strong><\/span><\/figcaption><\/figure>\n<p>Elaborado com recursos do DADE (Departamento de Apoio e Desenvolvimento das Est\u00e2ncias, do governo do Estado de S\u00e3o Paulo), o PMT visa a valoriza\u00e7\u00e3o da cultura local, preserva\u00e7\u00e3o do meio ambiente e o desenvolvimento da economia de forma equilibrada e consistente. O documento estabelece objetivos espec\u00edficos, como levantar e analisar a situa\u00e7\u00e3o atual do turismo na localidade; prever o seu desenvolvimento natural para os pr\u00f3ximos anos sem a interven\u00e7\u00e3o planejada; estabelecer os objetivos e metas do munic\u00edpio em rela\u00e7\u00e3o ao desenvolvimento econ\u00f4mico e, atrav\u00e9s destes, estabelecer a pol\u00edtica municipal de desenvolvimento do turismo; delimitar os programas de a\u00e7\u00e3o que ir\u00e3o compor a pol\u00edtica de turismo municipal, entre outros.<\/p>\n<p>&nbsp;<\/p>\n<p>&nbsp;<\/p>\n<p>&nbsp;<\/p>\n","protected":false},"excerpt":{"rendered":"<p>Evento acontece no pr\u00f3ximo dia 14 de fevereiro no Centro Cultural M\u00e1rio Covas \u00a0 [Sta. Rita P. Quatro-SP &#8211; 25\/1\/19]<\/p>\n","protected":false},"author":1,"featured_media":497,"comment_status":"open","ping_status":"open","sticky":false,"template":"","format":"standard","meta":{"footnotes":""},"categories":[44,47,48,52,60],"tags":[],"class_list":["post-496","post","type-post","status-publish","format-standard","has-post-thumbnail","hentry","category-cidades","category-desenvovimento","category-featured","category-latest","category-turismo"],"_links":{"self":[{"href":"https:\/\/www.santaritadopassaquatro.sp.gov.br\/portal\/wp-json\/wp\/v2\/posts\/496","targetHints":{"allow":["GET"]}}],"collection":[{"href":"https:\/\/www.santaritadopassaquatro.sp.gov.br\/portal\/wp-json\/wp\/v2\/posts"}],"about":[{"href":"https:\/\/www.santaritadopassaquatro.sp.gov.br\/portal\/wp-json\/wp\/v2\/types\/post"}],"author":[{"embeddable":true,"href":"https:\/\/www.santaritadopassaquatro.sp.gov.br\/portal\/wp-json\/wp\/v2\/users\/1"}],"replies":[{"embeddable":true,"href":"https:\/\/www.santaritadopassaquatro.sp.gov.br\/portal\/wp-json\/wp\/v2\/comments?post=496"}],"version-history":[{"count":0,"href":"https:\/\/www.santaritadopassaquatro.sp.gov.br\/portal\/wp-json\/wp\/v2\/posts\/496\/revisions"}],"wp:featuredmedia":[{"embeddable":true,"href":"https:\/\/www.santaritadopassaquatro.sp.gov.br\/portal\/wp-json\/wp\/v2\/media\/497"}],"wp:attachment":[{"href":"https:\/\/www.santaritadopassaquatro.sp.gov.br\/portal\/wp-json\/wp\/v2\/media?parent=496"}],"wp:term":[{"taxonomy":"category","embeddable":true,"href":"https:\/\/www.santaritadopassaquatro.sp.gov.br\/portal\/wp-json\/wp\/v2\/categories?post=496"},{"taxonomy":"post_tag","embeddable":true,"href":"https:\/\/www.santaritadopassaquatro.sp.gov.br\/portal\/wp-json\/wp\/v2\/tags?post=496"}],"curies":[{"name":"wp","href":"https:\/\/api.w.org\/{rel}","templated":true}]}}