{"id":499,"date":"2019-01-25T15:25:30","date_gmt":"2019-01-25T17:25:30","guid":{"rendered":"http:\/\/www.santaritadopassaquatro.sp.gov.br\/portal\/?p=499"},"modified":"2019-01-25T15:25:30","modified_gmt":"2019-01-25T17:25:30","slug":"prefeito-tem-primeiro-compromisso-como-presidente-da-aprecesp","status":"publish","type":"post","link":"https:\/\/www.santaritadopassaquatro.sp.gov.br\/portal\/prefeito-tem-primeiro-compromisso-como-presidente-da-aprecesp\/","title":{"rendered":"Prefeito tem primeiro compromisso como presidente da Aprecesp"},"content":{"rendered":"<p><strong><em>Leandro Luciano dos Santos esteve reunido com o secret\u00e1rio de Turismo do estado de S\u00e3o, na \u00faltima ter\u00e7a-feira <\/em><\/strong><\/p>\n<p><strong><em>\u00a0<\/em><\/strong><\/p>\n<figure id=\"attachment_500\" aria-describedby=\"caption-attachment-500\" style=\"width: 300px\" class=\"wp-caption alignleft\"><img decoding=\"async\" class=\"wp-image-500 size-medium\" src=\"http:\/\/www.santaritadopassaquatro.sp.gov.br\/portal\/wp-content\/uploads\/2019\/01\/prefeito_reuniao_aprcesp_secretrio_turismo_amitesp_w-300x154.jpg\" alt=\"\" width=\"300\" height=\"154\" srcset=\"https:\/\/www.santaritadopassaquatro.sp.gov.br\/portal\/wp-content\/uploads\/2019\/01\/prefeito_reuniao_aprcesp_secretrio_turismo_amitesp_w-300x154.jpg 300w, https:\/\/www.santaritadopassaquatro.sp.gov.br\/portal\/wp-content\/uploads\/2019\/01\/prefeito_reuniao_aprcesp_secretrio_turismo_amitesp_w.jpg 600w\" sizes=\"(max-width: 300px) 100vw, 300px\" \/><figcaption id=\"caption-attachment-500\" class=\"wp-caption-text\"><span style=\"font-size: 8pt;\"><strong><em>O novo presidente e membros na diretoria da Aprecesp e Amitesp com deputado estadual e secret\u00e1rio de Turismo, em S\u00e3o Paulo (Divulga\u00e7\u00e3o)<\/em><\/strong><\/span><\/figcaption><\/figure>\n<p><em>[Sta. Rita P. Quatro-SP &#8211; 25\/1\/19] &#8211;<\/em> Rec\u00e9m empossado como presidente da Aprecesp (Associa\u00e7\u00e3o das Prefeituras das Cidades Est\u00e2ncia do Estado de S\u00e3o Paulo), o prefeito de Santa Rita do Passa Quatro, Leandro Luciano dos Santos, esteve me seu primeiro compromisso no comando da entidade de representa as 70 est\u00e2ncias paulistas.<\/p>\n<p>Na tarde da \u00faltima ter\u00e7a-feira (22\/1), o prefeito esteve com demais membros da diretora da Aprecesp, com a presidente da Amitesp (Associa\u00e7\u00e3o dos Munic\u00edpios de Interesse Tur\u00edstico do Estado de S\u00e3o Paulo), a prefeita de Monteiro Lobato, Daniela de C\u00e1ssia Santos Brito, e o deputado estadual Edmir Chedid, em reuni\u00e3o com o secret\u00e1rio de Turismo, Vinicius Lummertz.\u00a0 A reuni\u00e3o foi convocada pelos prefeitos para tratar de recursos destinados a est\u00e2ncias e MITs que ainda n\u00e3o foram liberados.<\/p>\n<p>Leandro Luciano dos Santos \u00e9 o primeiro prefeito de Santa Rita a assumir a presid\u00eancia da Aprecesp, depois de ocupar dois cargos na diretoria da entidade, 2\u00ba secret\u00e1rio (2017) e vice-presidente (2018). A posse aconteceu no \u00faltimo dia 16 de janeiro, quarta-feira, na Assembleia Legislativa do Estado de S\u00e3o Paulo.<\/p>\n<p>A primeira reuni\u00e3o ordin\u00e1ria do entidade, sob o comando do prefeito santa-ritense acontece nos dias 7 e 8 de mar\u00e7o, na Est\u00e2ncia de \u00c1guas de Lindoia.<\/p>\n<p>&nbsp;<\/p>\n<p>&nbsp;<\/p>\n<p>&nbsp;<\/p>\n","protected":false},"excerpt":{"rendered":"<p>Leandro Luciano dos Santos esteve reunido com o secret\u00e1rio de Turismo do estado de S\u00e3o, na \u00faltima ter\u00e7a-feira \u00a0 [Sta.<\/p>\n","protected":false},"author":1,"featured_media":0,"comment_status":"open","ping_status":"open","sticky":false,"template":"","format":"standard","meta":{"footnotes":""},"categories":[60],"tags":[],"class_list":["post-499","post","type-post","status-publish","format-standard","hentry","category-turismo"],"_links":{"self":[{"href":"https:\/\/www.santaritadopassaquatro.sp.gov.br\/portal\/wp-json\/wp\/v2\/posts\/499","targetHints":{"allow":["GET"]}}],"collection":[{"href":"https:\/\/www.santaritadopassaquatro.sp.gov.br\/portal\/wp-json\/wp\/v2\/posts"}],"about":[{"href":"https:\/\/www.santaritadopassaquatro.sp.gov.br\/portal\/wp-json\/wp\/v2\/types\/post"}],"author":[{"embeddable":true,"href":"https:\/\/www.santaritadopassaquatro.sp.gov.br\/portal\/wp-json\/wp\/v2\/users\/1"}],"replies":[{"embeddable":true,"href":"https:\/\/www.santaritadopassaquatro.sp.gov.br\/portal\/wp-json\/wp\/v2\/comments?post=499"}],"version-history":[{"count":0,"href":"https:\/\/www.santaritadopassaquatro.sp.gov.br\/portal\/wp-json\/wp\/v2\/posts\/499\/revisions"}],"wp:attachment":[{"href":"https:\/\/www.santaritadopassaquatro.sp.gov.br\/portal\/wp-json\/wp\/v2\/media?parent=499"}],"wp:term":[{"taxonomy":"category","embeddable":true,"href":"https:\/\/www.santaritadopassaquatro.sp.gov.br\/portal\/wp-json\/wp\/v2\/categories?post=499"},{"taxonomy":"post_tag","embeddable":true,"href":"https:\/\/www.santaritadopassaquatro.sp.gov.br\/portal\/wp-json\/wp\/v2\/tags?post=499"}],"curies":[{"name":"wp","href":"https:\/\/api.w.org\/{rel}","templated":true}]}}