{"id":4999,"date":"2021-07-15T16:13:41","date_gmt":"2021-07-15T19:13:41","guid":{"rendered":"http:\/\/www.santaritadopassaquatro.sp.gov.br\/portal\/?p=4999"},"modified":"2021-07-15T16:13:41","modified_gmt":"2021-07-15T19:13:41","slug":"departamento-de-cultura-de-santa-rita-e-premiado-pelo-governo-do-estado-de-sao-paulo","status":"publish","type":"post","link":"https:\/\/www.santaritadopassaquatro.sp.gov.br\/portal\/departamento-de-cultura-de-santa-rita-e-premiado-pelo-governo-do-estado-de-sao-paulo\/","title":{"rendered":"Departamento de Cultura de Santa Rita \u00e9 premiado pelo Governo do Estado de S\u00e3o Paulo"},"content":{"rendered":"<p>O Departamento de Cultura, atrav\u00e9s da diretora Grazi Vilella, recebeu a premia\u00e7\u00e3o Tradi\u00e7\u00f5es SP On-line, do Governo do Estado de S\u00e3o Paulo.<\/p>\n<p>O Projeto In\u00e9dito escrito pelo Departamento de Cultura da Prefeitura Municipal de Santa Rita do Passa Quatro \u00e9 selecionado pelo Governo do Estado de S\u00e3o Paulo, por meio da Secretaria de Cultura e Economia Criativa, atrav\u00e9s do #JuntosPelaCultura2021. <\/p>\n<p>Um programa de fomento e difus\u00e3o cultural que une estado, prefeituras e segmentos art\u00edsticos para desenvolver a cultura e a economia criativa em todas as regi\u00f5es de S\u00e3o Paulo, com gest\u00e3o e produ\u00e7\u00e3o da Amigos da Arte. <\/p>\n<p>Este programa foi aberto aos 645 munic\u00edpios concorrentes e apenas 40 foram premiados na categoria &#8220;Tradi\u00e7\u00f5es SP Online&#8221;. <\/p>\n<p>O projeto denominado &#8220;Zequinha de Abreu para Recordar&#8221; trata da grava\u00e7\u00e3o audiovisual e transmiss\u00e3o online da Banda Musical Zequinha de Abreu com 10 obras do compositor na 60\u00aa Semana Zequinha de Abreu em setembro de 2021. <\/p>\n<p>Este projeto tamb\u00e9m contempla a grava\u00e7\u00e3o dessas obras para divulga\u00e7\u00e3o em Cd\u2019s, distribu\u00eddos gratuitamente para escolas, entidades, etc.<\/p>\n<p>Um marco para o munic\u00edpio, uma vez que n\u00e3o temos nenhum registro profissional das m\u00fasicas do nosso genial conterr\u00e2neo gravadas por artistas do munic\u00edpio, divulgando a Cultura e nosso munic\u00edpio, mundo a fora.<\/p>\n","protected":false},"excerpt":{"rendered":"<p>O Departamento de Cultura, atrav\u00e9s da diretora Grazi Vilella, recebeu a premia\u00e7\u00e3o Tradi\u00e7\u00f5es SP On-line, do Governo do Estado de<\/p>\n","protected":false},"author":1,"featured_media":5000,"comment_status":"closed","ping_status":"open","sticky":false,"template":"","format":"standard","meta":{"footnotes":""},"categories":[46,48],"tags":[],"class_list":["post-4999","post","type-post","status-publish","format-standard","has-post-thumbnail","hentry","category-cultura","category-featured"],"_links":{"self":[{"href":"https:\/\/www.santaritadopassaquatro.sp.gov.br\/portal\/wp-json\/wp\/v2\/posts\/4999","targetHints":{"allow":["GET"]}}],"collection":[{"href":"https:\/\/www.santaritadopassaquatro.sp.gov.br\/portal\/wp-json\/wp\/v2\/posts"}],"about":[{"href":"https:\/\/www.santaritadopassaquatro.sp.gov.br\/portal\/wp-json\/wp\/v2\/types\/post"}],"author":[{"embeddable":true,"href":"https:\/\/www.santaritadopassaquatro.sp.gov.br\/portal\/wp-json\/wp\/v2\/users\/1"}],"replies":[{"embeddable":true,"href":"https:\/\/www.santaritadopassaquatro.sp.gov.br\/portal\/wp-json\/wp\/v2\/comments?post=4999"}],"version-history":[{"count":1,"href":"https:\/\/www.santaritadopassaquatro.sp.gov.br\/portal\/wp-json\/wp\/v2\/posts\/4999\/revisions"}],"predecessor-version":[{"id":5001,"href":"https:\/\/www.santaritadopassaquatro.sp.gov.br\/portal\/wp-json\/wp\/v2\/posts\/4999\/revisions\/5001"}],"wp:featuredmedia":[{"embeddable":true,"href":"https:\/\/www.santaritadopassaquatro.sp.gov.br\/portal\/wp-json\/wp\/v2\/media\/5000"}],"wp:attachment":[{"href":"https:\/\/www.santaritadopassaquatro.sp.gov.br\/portal\/wp-json\/wp\/v2\/media?parent=4999"}],"wp:term":[{"taxonomy":"category","embeddable":true,"href":"https:\/\/www.santaritadopassaquatro.sp.gov.br\/portal\/wp-json\/wp\/v2\/categories?post=4999"},{"taxonomy":"post_tag","embeddable":true,"href":"https:\/\/www.santaritadopassaquatro.sp.gov.br\/portal\/wp-json\/wp\/v2\/tags?post=4999"}],"curies":[{"name":"wp","href":"https:\/\/api.w.org\/{rel}","templated":true}]}}