{"id":5002,"date":"2021-07-15T16:15:56","date_gmt":"2021-07-15T19:15:56","guid":{"rendered":"http:\/\/www.santaritadopassaquatro.sp.gov.br\/portal\/?p=5002"},"modified":"2021-07-15T16:16:45","modified_gmt":"2021-07-15T19:16:45","slug":"convocacao-da-ii-a-conferencia-municipal-de-saude","status":"publish","type":"post","link":"https:\/\/www.santaritadopassaquatro.sp.gov.br\/portal\/convocacao-da-ii-a-conferencia-municipal-de-saude\/","title":{"rendered":"CONVOCA\u00c7\u00c3O DA II \u00aa CONFER\u00caNCIA MUNICIPAL DE SA\u00daDE"},"content":{"rendered":"<p>Art.1\u00ba &#8211; Fica convocada a II\u00aa Confer\u00eancia Municipal de Sa\u00fade de Santa Rita do Passa Quatro, a se realizar no dia 28 do m\u00eas de julho de 2021, das 08:00 \u00e0s 11:00 h, on line, nesta cidade, com o tema: \u201cEnfrentamento SUS P\u00f3s Covid 19\u201d e os eixos: \u201cAssist\u00eancia, Participa\u00e7\u00e3o Popular e Controle Social, Gest\u00e3o e Financiamento\u201d.<\/p>\n<p>Art.2\u00ba &#8211; A II\u00aa Confer\u00eancia Municipal de Sa\u00fade de Santa Rita do Passa Quatro, ser\u00e1 coordenada por representante do Conselho Municipal de Sa\u00fade e presidida pela Diretora Municipal de Sa\u00fade do munic\u00edpio.<\/p>\n<p>Art.3\u00ba &#8211;  A II\u00aa Confer\u00eancia Municipal de Sa\u00fade de Santa Rita do Passa Quatro, compreender\u00e1 etapa de monitoramento ap\u00f3s o per\u00edodo de realiza\u00e7\u00e3o da etapa municipal que trata o art. 1\u00ba.<\/p>\n<p>Art. 4\u00ba &#8211; O detalhamento da II\u00aa Confer\u00eancia Municipal de Sa\u00fade de Santa Rita do Passa Quatro, constar\u00e1 no regimento interno que ser\u00e1 aprovado pelo Conselho Municipal de Sa\u00fade e editado mediante Resolu\u00e7\u00e3o do CMS.<\/p>\n<p>Art. 5\u00ba &#8211; As despesas com a organiza\u00e7\u00e3o e realiza\u00e7\u00e3o da II\u00aa Confer\u00eancia Municipal de Sa\u00fade de Santa Rita do Passa Quatro, correr\u00e3o por conta dos recursos or\u00e7ament\u00e1rios consignados no Departamento Municipal de Sa\u00fade.<\/p>\n","protected":false},"excerpt":{"rendered":"<p>Art.1\u00ba &#8211; Fica convocada a II\u00aa Confer\u00eancia Municipal de Sa\u00fade de Santa Rita do Passa Quatro, a se realizar no<\/p>\n","protected":false},"author":1,"featured_media":0,"comment_status":"closed","ping_status":"open","sticky":false,"template":"","format":"standard","meta":{"footnotes":""},"categories":[45,58],"tags":[],"class_list":["post-5002","post","type-post","status-publish","format-standard","hentry","category-comunicado","category-health"],"_links":{"self":[{"href":"https:\/\/www.santaritadopassaquatro.sp.gov.br\/portal\/wp-json\/wp\/v2\/posts\/5002","targetHints":{"allow":["GET"]}}],"collection":[{"href":"https:\/\/www.santaritadopassaquatro.sp.gov.br\/portal\/wp-json\/wp\/v2\/posts"}],"about":[{"href":"https:\/\/www.santaritadopassaquatro.sp.gov.br\/portal\/wp-json\/wp\/v2\/types\/post"}],"author":[{"embeddable":true,"href":"https:\/\/www.santaritadopassaquatro.sp.gov.br\/portal\/wp-json\/wp\/v2\/users\/1"}],"replies":[{"embeddable":true,"href":"https:\/\/www.santaritadopassaquatro.sp.gov.br\/portal\/wp-json\/wp\/v2\/comments?post=5002"}],"version-history":[{"count":1,"href":"https:\/\/www.santaritadopassaquatro.sp.gov.br\/portal\/wp-json\/wp\/v2\/posts\/5002\/revisions"}],"predecessor-version":[{"id":5003,"href":"https:\/\/www.santaritadopassaquatro.sp.gov.br\/portal\/wp-json\/wp\/v2\/posts\/5002\/revisions\/5003"}],"wp:attachment":[{"href":"https:\/\/www.santaritadopassaquatro.sp.gov.br\/portal\/wp-json\/wp\/v2\/media?parent=5002"}],"wp:term":[{"taxonomy":"category","embeddable":true,"href":"https:\/\/www.santaritadopassaquatro.sp.gov.br\/portal\/wp-json\/wp\/v2\/categories?post=5002"},{"taxonomy":"post_tag","embeddable":true,"href":"https:\/\/www.santaritadopassaquatro.sp.gov.br\/portal\/wp-json\/wp\/v2\/tags?post=5002"}],"curies":[{"name":"wp","href":"https:\/\/api.w.org\/{rel}","templated":true}]}}