{"id":5050,"date":"2021-07-21T16:00:44","date_gmt":"2021-07-21T19:00:44","guid":{"rendered":"http:\/\/www.santaritadopassaquatro.sp.gov.br\/portal\/?p=5050"},"modified":"2021-07-21T16:00:44","modified_gmt":"2021-07-21T19:00:44","slug":"boletim-atualizado-20072021","status":"publish","type":"post","link":"https:\/\/www.santaritadopassaquatro.sp.gov.br\/portal\/boletim-atualizado-20072021\/","title":{"rendered":"BOLETIM ATUALIZADO \u2013 20\/07\/2021"},"content":{"rendered":"<p>A respeito da condu\u00e7\u00e3o do servi\u00e7o de sa\u00fade prestado em nosso munic\u00edpio, em virtude do combate \u00e0 COVID 19, destacam-se as seguintes informa\u00e7\u00f5es:<\/p>\n<p>&#8211; Coleta de 10 (dez) exames PCR;<br \/>\n&#8211; Recebimento de 17 (dezessete) testes negativo e 02 (dois) testes positivo;<br \/>\n&#8211; Internado no Grip\u00e1rio 00 paciente;<br \/>\n&#8211; Internado em outra cidade 03 (tr\u00eas) pacientes;<\/p>\n<p>&nbsp;<\/p>\n<p>O departamento municipal de sa\u00fade, buscando zelar pela popula\u00e7\u00e3o santarritense, orienta que a mesma n\u00e3o deixe de cumprir com os cuidados de preven\u00e7\u00e3o, ou seja, o uso adequado de m\u00e1scaras, uni higieniza\u00e7\u00e3o das m\u00e3os, pr\u00e1tica do distanciamento social e o evitar aglomera\u00e7\u00f5es devem ser pr\u00e1ticas constantes at\u00e9 a erradica\u00e7\u00e3o do novo coronav\u00edrus.<\/p>\n<p style=\"text-align: center;\"><img decoding=\"async\" class=\"aligncenter size-large wp-image-5051\" src=\"http:\/\/www.santaritadopassaquatro.sp.gov.br\/portal\/wp-content\/uploads\/2021\/07\/20-07-819x1024.jpg\" alt=\"\" width=\"800\" height=\"1000\" srcset=\"https:\/\/www.santaritadopassaquatro.sp.gov.br\/portal\/wp-content\/uploads\/2021\/07\/20-07-819x1024.jpg 819w, https:\/\/www.santaritadopassaquatro.sp.gov.br\/portal\/wp-content\/uploads\/2021\/07\/20-07-240x300.jpg 240w, https:\/\/www.santaritadopassaquatro.sp.gov.br\/portal\/wp-content\/uploads\/2021\/07\/20-07-768x960.jpg 768w, https:\/\/www.santaritadopassaquatro.sp.gov.br\/portal\/wp-content\/uploads\/2021\/07\/20-07.jpg 1024w\" sizes=\"(max-width: 800px) 100vw, 800px\" \/><\/p>\n","protected":false},"excerpt":{"rendered":"<p>A respeito da condu\u00e7\u00e3o do servi\u00e7o de sa\u00fade prestado em nosso munic\u00edpio, em virtude do combate \u00e0 COVID 19, destacam-se<\/p>\n","protected":false},"author":1,"featured_media":5051,"comment_status":"closed","ping_status":"open","sticky":false,"template":"","format":"standard","meta":{"footnotes":""},"categories":[40],"tags":[],"class_list":["post-5050","post","type-post","status-publish","format-standard","has-post-thumbnail","hentry","category-covid-19"],"_links":{"self":[{"href":"https:\/\/www.santaritadopassaquatro.sp.gov.br\/portal\/wp-json\/wp\/v2\/posts\/5050","targetHints":{"allow":["GET"]}}],"collection":[{"href":"https:\/\/www.santaritadopassaquatro.sp.gov.br\/portal\/wp-json\/wp\/v2\/posts"}],"about":[{"href":"https:\/\/www.santaritadopassaquatro.sp.gov.br\/portal\/wp-json\/wp\/v2\/types\/post"}],"author":[{"embeddable":true,"href":"https:\/\/www.santaritadopassaquatro.sp.gov.br\/portal\/wp-json\/wp\/v2\/users\/1"}],"replies":[{"embeddable":true,"href":"https:\/\/www.santaritadopassaquatro.sp.gov.br\/portal\/wp-json\/wp\/v2\/comments?post=5050"}],"version-history":[{"count":1,"href":"https:\/\/www.santaritadopassaquatro.sp.gov.br\/portal\/wp-json\/wp\/v2\/posts\/5050\/revisions"}],"predecessor-version":[{"id":5052,"href":"https:\/\/www.santaritadopassaquatro.sp.gov.br\/portal\/wp-json\/wp\/v2\/posts\/5050\/revisions\/5052"}],"wp:featuredmedia":[{"embeddable":true,"href":"https:\/\/www.santaritadopassaquatro.sp.gov.br\/portal\/wp-json\/wp\/v2\/media\/5051"}],"wp:attachment":[{"href":"https:\/\/www.santaritadopassaquatro.sp.gov.br\/portal\/wp-json\/wp\/v2\/media?parent=5050"}],"wp:term":[{"taxonomy":"category","embeddable":true,"href":"https:\/\/www.santaritadopassaquatro.sp.gov.br\/portal\/wp-json\/wp\/v2\/categories?post=5050"},{"taxonomy":"post_tag","embeddable":true,"href":"https:\/\/www.santaritadopassaquatro.sp.gov.br\/portal\/wp-json\/wp\/v2\/tags?post=5050"}],"curies":[{"name":"wp","href":"https:\/\/api.w.org\/{rel}","templated":true}]}}