{"id":506,"date":"2019-01-25T15:33:00","date_gmt":"2019-01-25T17:33:00","guid":{"rendered":"http:\/\/www.santaritadopassaquatro.sp.gov.br\/portal\/?p=506"},"modified":"2019-01-25T15:44:37","modified_gmt":"2019-01-25T17:44:37","slug":"especial-os-desafios-e-o-futuro-de-santa-rita-do-passa-quatro-sp-no-turismo","status":"publish","type":"post","link":"https:\/\/www.santaritadopassaquatro.sp.gov.br\/portal\/especial-os-desafios-e-o-futuro-de-santa-rita-do-passa-quatro-sp-no-turismo\/","title":{"rendered":"ESPECIAL &#8211;\u00a0Os desafios e o futuro de Santa Rita do Passa Quatro (SP) no turismo"},"content":{"rendered":"<p><strong><em>Com diversas obras e projetos em andamento, munic\u00edpio passa por transforma\u00e7\u00e3o par definir sua verdadeira voca\u00e7\u00e3o<\/em><\/strong><\/p>\n<p><strong><em>\u00a0<\/em><\/strong><\/p>\n<p><em>[Sta. Rita do P. Quatro-SP &#8211; 25\/1\/19] &#8211;<\/em> O maior emissor de turistas do Brasil, seja para o exterior como para o territ\u00f3rio nacional, o Estado de S\u00e3o Paulo est\u00e1 em busca de tamb\u00e9m ser reconhecido como destino tur\u00edstico e finalmente poder usufruir das oportunidades na gera\u00e7\u00e3o de emprego e renda que o setor oferece. Na linha de frente, em busca do crescimento e desenvolvimento do turismo est\u00e3o as Est\u00e2ncias e MITs (Munic\u00edpios de Interesse Tur\u00edstico) cada vez mais empenhados em divulgar seu potencial e crescer no cen\u00e1rio nacional.<\/p>\n<p>&nbsp;<\/p>\n<p>Pela primeira vez na sua hist\u00f3ria, Santa Rita do Passa Quatro ocupa hoje o lugar de maior destaque no cen\u00e1rio, com o prefeito Leandro Luciano dos Santos sendo eleito o presidente da Aprecesp (Associa\u00e7\u00e3o das Prefeituras das Cidades Est\u00e2ncia do Estado de S\u00e3o Paulo).<\/p>\n<p>&nbsp;<\/p>\n<p>O avan\u00e7o do munic\u00edpio no setor, entretanto, vai al\u00e9m da sua representatividade na entidade que re\u00fane as 70 est\u00e2ncias paulistas. Em \u00e2mbito local Santa Rita passa por uma grande transforma\u00e7\u00e3o que vai desde sua infraestrutura at\u00e9 sua cultura, mudando a maneira como a cidade e sua popula\u00e7\u00e3o passam a pensar no turismo como oportunidade.<\/p>\n<p>&nbsp;<\/p>\n<p>O futuro \u00e9 promissor e a cidade j\u00e1 come\u00e7ou a colher frutos plantados h\u00e1 pouco tempo. Primeiro, veio a organiza\u00e7\u00e3o das suas finan\u00e7as, trabalho iniciado em 2014. Hoje, quando todo o Brasil se v\u00ea diante da urg\u00eancia de buscar o equil\u00edbrio fiscal, a nossa cidade se antecipou e d\u00e1 exemplo de responsabilidade, com gastos sob controle e pagamentos em dia.<\/p>\n<p>&nbsp;<\/p>\n<p>Com responsabilidade na gest\u00e3o, os recursos conquistados do Dadetur (Departamento de Apoio ao Desenvolvimento dos Munic\u00edpios Tur\u00edsticos), est\u00e3o sendo totalmente investidos no setor, na transforma\u00e7\u00e3o da cidade, melhorando a sua infraestrutura, para enfim poder gerar emprego e renda \u00e0 popula\u00e7\u00e3o e aumento na arrecada\u00e7\u00e3o do munic\u00edpio.<\/p>\n<p>&nbsp;<\/p>\n<p>A cidade est\u00e1 finalmente desenvolvendo a sua voca\u00e7\u00e3o tur\u00edstica, com reformas de locais como Tr\u00eas Quedas, Cristo Redentor, Gin\u00e1sio de Esportes, Rodovi\u00e1ria Municipal; conclus\u00e3o do Centro Ol\u00edmpico, que j\u00e1 desempenha suas fun\u00e7\u00f5es, atraindo atletas e competidores de diversas localidades, constru\u00e7\u00e3o de um terceiro portal, na sa\u00edda para Tamba\u00fa (projeto j\u00e1 aprovado). \u00a0Al\u00e9m da antiga delegacia que est\u00e1 deixando de ser um pr\u00e9dio abandonado para se tornar mais um ponto tur\u00edstico, no setor cultural. Outro pr\u00e9dio pouco utilizado, ir\u00e1 ganhar nova forma e se tornar finalmente um atrativo \u00e9 o galp\u00e3o localizado no Parque Tur\u00edstico Municipal (Clube de Campo), que est\u00e1 sendo reformado e em breve se tornar\u00e1 um centro de eventos.<\/p>\n<p>&nbsp;<\/p>\n<p>A recupera\u00e7\u00e3o de banheiros p\u00fablicos nas pra\u00e7as centrais, futuras reformas do Centro de Lazer do Trabalhador, Centro Cultural Mario Covas e Jardim do Lago, completam a lista de benef\u00edcios \u00e0 popula\u00e7\u00e3o e possam se tornar atrativos com interesse tur\u00edsticos. \u00a0\u00a0\u00a0Somam-se as obras, tamb\u00e9m eventos que crescem ou novos que surgem, como o carnaval, a tradicional\u00edssima Festa Italiana, o Festival Zequinha de Abreu e as festividades de anivers\u00e1rio da cidade e em homenagem \u00e0 padroeira.<\/p>\n<p>&nbsp;<\/p>\n<p>Competi\u00e7\u00f5es e parceiras com grandes entidades como do instituto comandado pelo medalhista ol\u00edmpico Edson Luciano Ribeiro e Sesi-SP, ampliam ainda mais os horizontes e colocam Santa Rita no cen\u00e1rio esportivo.\u00a0Os esportes de aventura tamb\u00e9m ganharam mais um espa\u00e7o, com a loca\u00e7\u00e3o do local conhecido como \u201cRampa da Espanhola\u201d, que tem recebido praticantes do voo livre <em>(paraglider)<\/em> de diversas localidades, pelas suas caracter\u00edsticas favor\u00e1veis a voos longos, j\u00e1 registrado at\u00e9 o recorde paulista de dist\u00e2ncia.<\/p>\n<p>&nbsp;<\/p>\n<p>A Regi\u00e3o Tur\u00edstica Hist\u00f3rias Vales direciona Santa Rita no caminho da regionaliza\u00e7\u00e3o, considerado como meta de investimentos e o futuro do desenvolvimento. Com apoio sedimentado do Comtur (Conselho Municipal de Turismo), garantindo a participa\u00e7\u00e3o popular no processo, conclu\u00edmos o Plano Municipal e o Plano Regional do Turismo, documentos que devem direcionar o setor.<\/p>\n<p>&nbsp;<\/p>\n<p>Claro que ainda falta alguma coisa para a cidade se consolidar definitivamente no turismo, mas para preencher esta lacuna, dependemos do capital privado. E o trabalho, nesta dire\u00e7\u00e3o tamb\u00e9m \u00e9 amplo, pois Santa Rita estando com sua infraestrutura em dia, ser\u00e1 um belo chamariz para investidores.<\/p>\n<p>&nbsp;<\/p>\n<p>Os novos tempos apontam para novas oportunidade. Parceria \u00e9 a palavra-chave dessa nova era j\u00e1 iniciada e que n\u00e3o tem mais volta. O desenvolvimento \u00e9 o objetivo que almejamos e vamos alcan\u00e7ar. Acredite, turismo \u00e9 o caminho.<\/p>\n","protected":false},"excerpt":{"rendered":"<p>Com diversas obras e projetos em andamento, munic\u00edpio passa por transforma\u00e7\u00e3o par definir sua verdadeira voca\u00e7\u00e3o \u00a0 [Sta. Rita do<\/p>\n","protected":false},"author":1,"featured_media":507,"comment_status":"open","ping_status":"open","sticky":false,"template":"","format":"standard","meta":{"footnotes":""},"categories":[44,47,48,52,2,57,60],"tags":[],"class_list":["post-506","post","type-post","status-publish","format-standard","has-post-thumbnail","hentry","category-cidades","category-desenvovimento","category-featured","category-latest","category-business","category-politics","category-turismo"],"_links":{"self":[{"href":"https:\/\/www.santaritadopassaquatro.sp.gov.br\/portal\/wp-json\/wp\/v2\/posts\/506","targetHints":{"allow":["GET"]}}],"collection":[{"href":"https:\/\/www.santaritadopassaquatro.sp.gov.br\/portal\/wp-json\/wp\/v2\/posts"}],"about":[{"href":"https:\/\/www.santaritadopassaquatro.sp.gov.br\/portal\/wp-json\/wp\/v2\/types\/post"}],"author":[{"embeddable":true,"href":"https:\/\/www.santaritadopassaquatro.sp.gov.br\/portal\/wp-json\/wp\/v2\/users\/1"}],"replies":[{"embeddable":true,"href":"https:\/\/www.santaritadopassaquatro.sp.gov.br\/portal\/wp-json\/wp\/v2\/comments?post=506"}],"version-history":[{"count":2,"href":"https:\/\/www.santaritadopassaquatro.sp.gov.br\/portal\/wp-json\/wp\/v2\/posts\/506\/revisions"}],"predecessor-version":[{"id":509,"href":"https:\/\/www.santaritadopassaquatro.sp.gov.br\/portal\/wp-json\/wp\/v2\/posts\/506\/revisions\/509"}],"wp:featuredmedia":[{"embeddable":true,"href":"https:\/\/www.santaritadopassaquatro.sp.gov.br\/portal\/wp-json\/wp\/v2\/media\/507"}],"wp:attachment":[{"href":"https:\/\/www.santaritadopassaquatro.sp.gov.br\/portal\/wp-json\/wp\/v2\/media?parent=506"}],"wp:term":[{"taxonomy":"category","embeddable":true,"href":"https:\/\/www.santaritadopassaquatro.sp.gov.br\/portal\/wp-json\/wp\/v2\/categories?post=506"},{"taxonomy":"post_tag","embeddable":true,"href":"https:\/\/www.santaritadopassaquatro.sp.gov.br\/portal\/wp-json\/wp\/v2\/tags?post=506"}],"curies":[{"name":"wp","href":"https:\/\/api.w.org\/{rel}","templated":true}]}}