{"id":5108,"date":"2021-07-28T15:27:57","date_gmt":"2021-07-28T18:27:57","guid":{"rendered":"http:\/\/www.santaritadopassaquatro.sp.gov.br\/portal\/?p=5108"},"modified":"2021-07-28T15:28:51","modified_gmt":"2021-07-28T18:28:51","slug":"curso-sobre-arborizacao-urbana-capacitacao-e-manejo-de-poda-urbana","status":"publish","type":"post","link":"https:\/\/www.santaritadopassaquatro.sp.gov.br\/portal\/curso-sobre-arborizacao-urbana-capacitacao-e-manejo-de-poda-urbana\/","title":{"rendered":"Curso sobre Arboriza\u00e7\u00e3o Urbana \u2013 Capacita\u00e7\u00e3o e Manejo de Poda Urbana"},"content":{"rendered":"<p>No dia 23 de julho de 2021, o Departamento de Agricultura e meio Ambiente, em parceria com o Sindicato Rural, ofereceu um Curso sobre Arboriza\u00e7\u00e3o Urbana com enfoque em manejo de Poda Urbana para os funcion\u00e1rios da Prefeitura Municipais, respons\u00e1veis pelo trabalho de zeladoria de nosso munic\u00edpio.<br \/>\nA equipe, composta de 4 funcion\u00e1rios, teve a oportunidade de assistir \u00e0 apresenta\u00e7\u00e3o ministrada pelo Engenheiro Agr\u00f4nomo Armando Peron Netto, funcion\u00e1rio do sindicato Rural e por Benedito de Souza Lopes Neto, funcion\u00e1rio do Departamento de Agricultura e Meio Ambiente do munic\u00edpio de Santa Rita do Passa Quatro.<br \/>\nForam passadas todas as informa\u00e7\u00f5es e legisla\u00e7\u00f5es vigentes sobre o assunto, sanadas d\u00favidas existentes, e, ao final do curso, todos receberam o certificado de participa\u00e7\u00e3o.<\/p>\n<p>&nbsp;<\/p>\n<p style=\"text-align: center;\"><img decoding=\"async\" class=\"aligncenter size-large wp-image-5110\" src=\"http:\/\/www.santaritadopassaquatro.sp.gov.br\/portal\/wp-content\/uploads\/2021\/07\/aborizacao01-1024x536.jpg\" alt=\"\" width=\"800\" height=\"419\" srcset=\"https:\/\/www.santaritadopassaquatro.sp.gov.br\/portal\/wp-content\/uploads\/2021\/07\/aborizacao01-1024x536.jpg 1024w, https:\/\/www.santaritadopassaquatro.sp.gov.br\/portal\/wp-content\/uploads\/2021\/07\/aborizacao01-300x157.jpg 300w, https:\/\/www.santaritadopassaquatro.sp.gov.br\/portal\/wp-content\/uploads\/2021\/07\/aborizacao01-768x402.jpg 768w, https:\/\/www.santaritadopassaquatro.sp.gov.br\/portal\/wp-content\/uploads\/2021\/07\/aborizacao01-390x205.jpg 390w, https:\/\/www.santaritadopassaquatro.sp.gov.br\/portal\/wp-content\/uploads\/2021\/07\/aborizacao01.jpg 1200w\" sizes=\"(max-width: 800px) 100vw, 800px\" \/> <img decoding=\"async\" class=\"aligncenter size-large wp-image-5111\" src=\"http:\/\/www.santaritadopassaquatro.sp.gov.br\/portal\/wp-content\/uploads\/2021\/07\/aborizacao02-1024x536.jpg\" alt=\"\" width=\"800\" height=\"419\" srcset=\"https:\/\/www.santaritadopassaquatro.sp.gov.br\/portal\/wp-content\/uploads\/2021\/07\/aborizacao02-1024x536.jpg 1024w, https:\/\/www.santaritadopassaquatro.sp.gov.br\/portal\/wp-content\/uploads\/2021\/07\/aborizacao02-300x157.jpg 300w, https:\/\/www.santaritadopassaquatro.sp.gov.br\/portal\/wp-content\/uploads\/2021\/07\/aborizacao02-768x402.jpg 768w, https:\/\/www.santaritadopassaquatro.sp.gov.br\/portal\/wp-content\/uploads\/2021\/07\/aborizacao02-390x205.jpg 390w, https:\/\/www.santaritadopassaquatro.sp.gov.br\/portal\/wp-content\/uploads\/2021\/07\/aborizacao02.jpg 1200w\" sizes=\"(max-width: 800px) 100vw, 800px\" \/><\/p>\n","protected":false},"excerpt":{"rendered":"<p>No dia 23 de julho de 2021, o Departamento de Agricultura e meio Ambiente, em parceria com o Sindicato Rural,<\/p>\n","protected":false},"author":1,"featured_media":5109,"comment_status":"closed","ping_status":"open","sticky":false,"template":"","format":"standard","meta":{"footnotes":""},"categories":[53],"tags":[],"class_list":["post-5108","post","type-post","status-publish","format-standard","has-post-thumbnail","hentry","category-meio-ambiente"],"_links":{"self":[{"href":"https:\/\/www.santaritadopassaquatro.sp.gov.br\/portal\/wp-json\/wp\/v2\/posts\/5108","targetHints":{"allow":["GET"]}}],"collection":[{"href":"https:\/\/www.santaritadopassaquatro.sp.gov.br\/portal\/wp-json\/wp\/v2\/posts"}],"about":[{"href":"https:\/\/www.santaritadopassaquatro.sp.gov.br\/portal\/wp-json\/wp\/v2\/types\/post"}],"author":[{"embeddable":true,"href":"https:\/\/www.santaritadopassaquatro.sp.gov.br\/portal\/wp-json\/wp\/v2\/users\/1"}],"replies":[{"embeddable":true,"href":"https:\/\/www.santaritadopassaquatro.sp.gov.br\/portal\/wp-json\/wp\/v2\/comments?post=5108"}],"version-history":[{"count":1,"href":"https:\/\/www.santaritadopassaquatro.sp.gov.br\/portal\/wp-json\/wp\/v2\/posts\/5108\/revisions"}],"predecessor-version":[{"id":5112,"href":"https:\/\/www.santaritadopassaquatro.sp.gov.br\/portal\/wp-json\/wp\/v2\/posts\/5108\/revisions\/5112"}],"wp:featuredmedia":[{"embeddable":true,"href":"https:\/\/www.santaritadopassaquatro.sp.gov.br\/portal\/wp-json\/wp\/v2\/media\/5109"}],"wp:attachment":[{"href":"https:\/\/www.santaritadopassaquatro.sp.gov.br\/portal\/wp-json\/wp\/v2\/media?parent=5108"}],"wp:term":[{"taxonomy":"category","embeddable":true,"href":"https:\/\/www.santaritadopassaquatro.sp.gov.br\/portal\/wp-json\/wp\/v2\/categories?post=5108"},{"taxonomy":"post_tag","embeddable":true,"href":"https:\/\/www.santaritadopassaquatro.sp.gov.br\/portal\/wp-json\/wp\/v2\/tags?post=5108"}],"curies":[{"name":"wp","href":"https:\/\/api.w.org\/{rel}","templated":true}]}}