{"id":5205,"date":"2021-08-18T12:47:40","date_gmt":"2021-08-18T15:47:40","guid":{"rendered":"http:\/\/www.santaritadopassaquatro.sp.gov.br\/portal\/?p=5205"},"modified":"2021-08-18T12:47:40","modified_gmt":"2021-08-18T15:47:40","slug":"visita-tecnica-a-instalacao-modelo","status":"publish","type":"post","link":"https:\/\/www.santaritadopassaquatro.sp.gov.br\/portal\/visita-tecnica-a-instalacao-modelo\/","title":{"rendered":"Visita T\u00e9cnica \u00e0 Instala\u00e7\u00e3o Modelo"},"content":{"rendered":"<p>No dia 11 de agosto de 2021, os funcion\u00e1rios da empresa SOLAR PRIME, Leandro Pereira e Carlinhos Zurlo, acompanhados pelos funcion\u00e1rios do Departamento de Agricultura e Meio Ambiente, Ana Vict\u00f3ria Silva e Benedito de Souza Lopes, estiveram presentes na Instala\u00e7\u00e3o Modelo do munic\u00edpio de Santa Rita do Passa Quatro, que durante a reforma foi toda elaborada para atender aos 16 itens relacionados \u00e0 sustentabilidade propostos pelo Programa Munic\u00edpio Verde Azul.<\/p>\n<p>Em nosso munic\u00edpio a Instala\u00e7\u00e3o Modelo \u00e9 a Rodovi\u00e1ria Municipal que todo ano recebe um novo item de sustentabilidade. Em 2021, durante a visita t\u00e9cnica foi instalado o coletor de pilhas e baterias, do Projeto \u201cDestino Certo\u201d, parceria entre Prefeitura Municipal e COMASA.<\/p>\n<p>Durante a visita foi citado sobre a import\u00e2ncia de pensar em novas fontes de energias renov\u00e1veis, item que a Instala\u00e7\u00e3o Modelo pode contemplar muito em breve.<\/p>\n<p>#meioambiente #responsabilidadesocioambiental #santarita<\/p>\n<p style=\"text-align: center;\"><img decoding=\"async\" class=\"aligncenter size-large wp-image-5208\" src=\"http:\/\/www.santaritadopassaquatro.sp.gov.br\/portal\/wp-content\/uploads\/2021\/08\/energia_solar1-1024x536.jpg\" alt=\"\" width=\"800\" height=\"419\" srcset=\"https:\/\/www.santaritadopassaquatro.sp.gov.br\/portal\/wp-content\/uploads\/2021\/08\/energia_solar1-1024x536.jpg 1024w, https:\/\/www.santaritadopassaquatro.sp.gov.br\/portal\/wp-content\/uploads\/2021\/08\/energia_solar1-300x157.jpg 300w, https:\/\/www.santaritadopassaquatro.sp.gov.br\/portal\/wp-content\/uploads\/2021\/08\/energia_solar1-768x402.jpg 768w, https:\/\/www.santaritadopassaquatro.sp.gov.br\/portal\/wp-content\/uploads\/2021\/08\/energia_solar1-390x205.jpg 390w, https:\/\/www.santaritadopassaquatro.sp.gov.br\/portal\/wp-content\/uploads\/2021\/08\/energia_solar1.jpg 1200w\" sizes=\"(max-width: 800px) 100vw, 800px\" \/><\/p>\n","protected":false},"excerpt":{"rendered":"<p>No dia 11 de agosto de 2021, os funcion\u00e1rios da empresa SOLAR PRIME, Leandro Pereira e Carlinhos Zurlo, acompanhados pelos<\/p>\n","protected":false},"author":1,"featured_media":5207,"comment_status":"closed","ping_status":"open","sticky":false,"template":"","format":"standard","meta":{"footnotes":""},"categories":[53],"tags":[],"class_list":["post-5205","post","type-post","status-publish","format-standard","has-post-thumbnail","hentry","category-meio-ambiente"],"_links":{"self":[{"href":"https:\/\/www.santaritadopassaquatro.sp.gov.br\/portal\/wp-json\/wp\/v2\/posts\/5205","targetHints":{"allow":["GET"]}}],"collection":[{"href":"https:\/\/www.santaritadopassaquatro.sp.gov.br\/portal\/wp-json\/wp\/v2\/posts"}],"about":[{"href":"https:\/\/www.santaritadopassaquatro.sp.gov.br\/portal\/wp-json\/wp\/v2\/types\/post"}],"author":[{"embeddable":true,"href":"https:\/\/www.santaritadopassaquatro.sp.gov.br\/portal\/wp-json\/wp\/v2\/users\/1"}],"replies":[{"embeddable":true,"href":"https:\/\/www.santaritadopassaquatro.sp.gov.br\/portal\/wp-json\/wp\/v2\/comments?post=5205"}],"version-history":[{"count":1,"href":"https:\/\/www.santaritadopassaquatro.sp.gov.br\/portal\/wp-json\/wp\/v2\/posts\/5205\/revisions"}],"predecessor-version":[{"id":5209,"href":"https:\/\/www.santaritadopassaquatro.sp.gov.br\/portal\/wp-json\/wp\/v2\/posts\/5205\/revisions\/5209"}],"wp:featuredmedia":[{"embeddable":true,"href":"https:\/\/www.santaritadopassaquatro.sp.gov.br\/portal\/wp-json\/wp\/v2\/media\/5207"}],"wp:attachment":[{"href":"https:\/\/www.santaritadopassaquatro.sp.gov.br\/portal\/wp-json\/wp\/v2\/media?parent=5205"}],"wp:term":[{"taxonomy":"category","embeddable":true,"href":"https:\/\/www.santaritadopassaquatro.sp.gov.br\/portal\/wp-json\/wp\/v2\/categories?post=5205"},{"taxonomy":"post_tag","embeddable":true,"href":"https:\/\/www.santaritadopassaquatro.sp.gov.br\/portal\/wp-json\/wp\/v2\/tags?post=5205"}],"curies":[{"name":"wp","href":"https:\/\/api.w.org\/{rel}","templated":true}]}}