{"id":5213,"date":"2021-08-20T16:06:09","date_gmt":"2021-08-20T19:06:09","guid":{"rendered":"http:\/\/www.santaritadopassaquatro.sp.gov.br\/portal\/?p=5213"},"modified":"2021-08-20T16:06:09","modified_gmt":"2021-08-20T19:06:09","slug":"convite-de-treinamento-para-brigada-de-incendio-2","status":"publish","type":"post","link":"https:\/\/www.santaritadopassaquatro.sp.gov.br\/portal\/convite-de-treinamento-para-brigada-de-incendio-2\/","title":{"rendered":"Convite de Treinamento para Brigada de Inc\u00eandio"},"content":{"rendered":"<p>? No dia 30 de agosto de 2021, \u00e0s 9:00h, o Cabo Daniel Corr\u00eaa Sim\u00f5es, do 2\u00b0 Pelot\u00e3o de Bombeiros de Porto Ferreira &#8211; 4\u00b0 SGB \/ 9\u00b0 GB, realizar\u00e1 Treinamento para Brigada de Inc\u00eandio em nosso munic\u00edpio, que ocorrer\u00e1 de forma te\u00f3rica no Departamento de Assist\u00eancia Social (Pra\u00e7a da Esta\u00e7\u00e3o), e pr\u00e1tica no Clube de Campo Municipal, obedecendo os protocolos vigentes de seguran\u00e7a com rela\u00e7\u00e3o \u00e0 pandemia COVID-19.<\/p>\n<p>Inscri\u00e7\u00f5es no Departamento de Agricultura e Meio Ambiente, atrav\u00e9s dos telefones (19) 3582-9004 \/ 3582-9007.<\/p>\n<p>#responsabilidadesocioambiental #meioambiente #santarita<\/p>\n","protected":false},"excerpt":{"rendered":"<p>? No dia 30 de agosto de 2021, \u00e0s 9:00h, o Cabo Daniel Corr\u00eaa Sim\u00f5es, do 2\u00b0 Pelot\u00e3o de Bombeiros<\/p>\n","protected":false},"author":1,"featured_media":5214,"comment_status":"closed","ping_status":"open","sticky":false,"template":"","format":"standard","meta":{"footnotes":""},"categories":[53],"tags":[],"class_list":["post-5213","post","type-post","status-publish","format-standard","has-post-thumbnail","hentry","category-meio-ambiente"],"_links":{"self":[{"href":"https:\/\/www.santaritadopassaquatro.sp.gov.br\/portal\/wp-json\/wp\/v2\/posts\/5213","targetHints":{"allow":["GET"]}}],"collection":[{"href":"https:\/\/www.santaritadopassaquatro.sp.gov.br\/portal\/wp-json\/wp\/v2\/posts"}],"about":[{"href":"https:\/\/www.santaritadopassaquatro.sp.gov.br\/portal\/wp-json\/wp\/v2\/types\/post"}],"author":[{"embeddable":true,"href":"https:\/\/www.santaritadopassaquatro.sp.gov.br\/portal\/wp-json\/wp\/v2\/users\/1"}],"replies":[{"embeddable":true,"href":"https:\/\/www.santaritadopassaquatro.sp.gov.br\/portal\/wp-json\/wp\/v2\/comments?post=5213"}],"version-history":[{"count":1,"href":"https:\/\/www.santaritadopassaquatro.sp.gov.br\/portal\/wp-json\/wp\/v2\/posts\/5213\/revisions"}],"predecessor-version":[{"id":5215,"href":"https:\/\/www.santaritadopassaquatro.sp.gov.br\/portal\/wp-json\/wp\/v2\/posts\/5213\/revisions\/5215"}],"wp:featuredmedia":[{"embeddable":true,"href":"https:\/\/www.santaritadopassaquatro.sp.gov.br\/portal\/wp-json\/wp\/v2\/media\/5214"}],"wp:attachment":[{"href":"https:\/\/www.santaritadopassaquatro.sp.gov.br\/portal\/wp-json\/wp\/v2\/media?parent=5213"}],"wp:term":[{"taxonomy":"category","embeddable":true,"href":"https:\/\/www.santaritadopassaquatro.sp.gov.br\/portal\/wp-json\/wp\/v2\/categories?post=5213"},{"taxonomy":"post_tag","embeddable":true,"href":"https:\/\/www.santaritadopassaquatro.sp.gov.br\/portal\/wp-json\/wp\/v2\/tags?post=5213"}],"curies":[{"name":"wp","href":"https:\/\/api.w.org\/{rel}","templated":true}]}}