{"id":5225,"date":"2021-08-24T14:14:49","date_gmt":"2021-08-24T17:14:49","guid":{"rendered":"http:\/\/www.santaritadopassaquatro.sp.gov.br\/portal\/?p=5225"},"modified":"2021-08-24T14:14:49","modified_gmt":"2021-08-24T17:14:49","slug":"prefeitura-e-comasa-iniciam-parceria-para-recuperacao-da-bacia-hidrografica-do-corrego-passa-quatro","status":"publish","type":"post","link":"https:\/\/www.santaritadopassaquatro.sp.gov.br\/portal\/prefeitura-e-comasa-iniciam-parceria-para-recuperacao-da-bacia-hidrografica-do-corrego-passa-quatro\/","title":{"rendered":"Prefeitura e COMASA iniciam parceria para recupera\u00e7\u00e3o da Bacia Hidrogr\u00e1fica do C\u00f3rrego Passa Quatro"},"content":{"rendered":"<p>O projeto Renascentes do Passa Quatro, \u00e9 uma parceria entre COMASA \u2014 Companhia \u00c1guas de Santa Rita S\/A, Departamento de Agricultura e Meio Ambiente (DAMA) e Departamento de Obras e Infraestrutura, que visa a recupera\u00e7\u00e3o da Bacia Hidrogr\u00e1fica do c\u00f3rrego Passa-Quatro.<\/p>\n<p>Desde janeiro de 2021 esse projeto estava na pauta do DAMA, que j\u00e1 iniciava o levantamento das propriedades e dos propriet\u00e1rios rurais das \u00e1reas do entorno. Por\u00e9m, a parceria com a COMASA teve in\u00edcio em maio de 2021, quando a COMASA demonstrou a inten\u00e7\u00e3o de investir no mesmo projeto, diante de um aumento expressivo de utiliza\u00e7\u00e3o da segunda capta\u00e7\u00e3o superficial por meio da Represa S\u00e3o Valentim.<\/p>\n<p>Inicialmente, a segunda capta\u00e7\u00e3o era utilizada nos per\u00edodos cr\u00edticos da estiagem, entre os meses de agosto e setembro, entretanto, a capta\u00e7\u00e3o da S\u00e3o Valentim vem aumentando, e cada vez mais cedo, iniciando nesses \u00faltimos anos em maio. Essa utiliza\u00e7\u00e3o precoce \u00e9 devido, principalmente, \u00e0 baixa vaz\u00e3o do c\u00f3rrego Passa Quatro nos per\u00edodos de pouca de chuva. Embora a COMASA venha tendo resultados positivos e expressivos quanto \u00e0 diminui\u00e7\u00e3o das perdas de \u00e1gua na distribui\u00e7\u00e3o aos clientes, verificaram, a necessidade de agir urgentemente na recupera\u00e7\u00e3o do c\u00f3rrego Passa Quatro, dentro de um futuro pr\u00f3ximo.<\/p>\n<p>No dia 29 de julho de 2021, durante a primeira reuni\u00e3o, foi firmada uma parceria entre COMASA e Prefeitura Municipal de Santa Rita do Passa Quatro para a realiza\u00e7\u00e3o do projeto \u201cRenascentes do Passa Quatro\u201d. Como piloto escolhemos a \u00e1rea do c\u00f3rrego Espraiada, um dos principais afluentes do C\u00f3rrego Passa Quatro. Nessa \u00e1rea, foram identificadas 2 \u00e1reas degradadas que necessitam de recupera\u00e7\u00e3o. A primeira \u00e1rea, com a autoriza\u00e7\u00e3o e colabora\u00e7\u00e3o da propriet\u00e1ria Lourdes Tacon, j\u00e1 est\u00e1 sendo trabalhada, com cercamento para o afastamento do gado, prepara\u00e7\u00e3o do solo e plantio.<\/p>\n<p>Ficou definido para o pr\u00f3ximo dia 26 de agosto o in\u00edcio do plantio.<\/p>\n<p>#santarita #responsabilidadesocioamiental #responsabilidadeambiental<\/p>\n","protected":false},"excerpt":{"rendered":"<p>O projeto Renascentes do Passa Quatro, \u00e9 uma parceria entre COMASA \u2014 Companhia \u00c1guas de Santa Rita S\/A, Departamento de<\/p>\n","protected":false},"author":1,"featured_media":5226,"comment_status":"closed","ping_status":"open","sticky":false,"template":"","format":"standard","meta":{"footnotes":""},"categories":[53],"tags":[],"class_list":["post-5225","post","type-post","status-publish","format-standard","has-post-thumbnail","hentry","category-meio-ambiente"],"_links":{"self":[{"href":"https:\/\/www.santaritadopassaquatro.sp.gov.br\/portal\/wp-json\/wp\/v2\/posts\/5225","targetHints":{"allow":["GET"]}}],"collection":[{"href":"https:\/\/www.santaritadopassaquatro.sp.gov.br\/portal\/wp-json\/wp\/v2\/posts"}],"about":[{"href":"https:\/\/www.santaritadopassaquatro.sp.gov.br\/portal\/wp-json\/wp\/v2\/types\/post"}],"author":[{"embeddable":true,"href":"https:\/\/www.santaritadopassaquatro.sp.gov.br\/portal\/wp-json\/wp\/v2\/users\/1"}],"replies":[{"embeddable":true,"href":"https:\/\/www.santaritadopassaquatro.sp.gov.br\/portal\/wp-json\/wp\/v2\/comments?post=5225"}],"version-history":[{"count":1,"href":"https:\/\/www.santaritadopassaquatro.sp.gov.br\/portal\/wp-json\/wp\/v2\/posts\/5225\/revisions"}],"predecessor-version":[{"id":5227,"href":"https:\/\/www.santaritadopassaquatro.sp.gov.br\/portal\/wp-json\/wp\/v2\/posts\/5225\/revisions\/5227"}],"wp:featuredmedia":[{"embeddable":true,"href":"https:\/\/www.santaritadopassaquatro.sp.gov.br\/portal\/wp-json\/wp\/v2\/media\/5226"}],"wp:attachment":[{"href":"https:\/\/www.santaritadopassaquatro.sp.gov.br\/portal\/wp-json\/wp\/v2\/media?parent=5225"}],"wp:term":[{"taxonomy":"category","embeddable":true,"href":"https:\/\/www.santaritadopassaquatro.sp.gov.br\/portal\/wp-json\/wp\/v2\/categories?post=5225"},{"taxonomy":"post_tag","embeddable":true,"href":"https:\/\/www.santaritadopassaquatro.sp.gov.br\/portal\/wp-json\/wp\/v2\/tags?post=5225"}],"curies":[{"name":"wp","href":"https:\/\/api.w.org\/{rel}","templated":true}]}}