{"id":5243,"date":"2021-08-26T11:21:03","date_gmt":"2021-08-26T14:21:03","guid":{"rendered":"http:\/\/www.santaritadopassaquatro.sp.gov.br\/portal\/?p=5243"},"modified":"2021-08-26T11:22:23","modified_gmt":"2021-08-26T14:22:23","slug":"atencao-microempreendedor-regularize-seus-debitos","status":"publish","type":"post","link":"https:\/\/www.santaritadopassaquatro.sp.gov.br\/portal\/atencao-microempreendedor-regularize-seus-debitos\/","title":{"rendered":"ATEN\u00c7\u00c3O MICROEMPREENDEDOR: Regularize seus d\u00e9bitos"},"content":{"rendered":"<p>De acordo com a Receita Federal, mais de 4,4 milh\u00f5es de Microempreendedores Individuais est\u00e3o inadimplentes, o que representa cerca de 1\/3 do total de inscritos. Esses MEIs t\u00eam at\u00e9 o dia 31 de agosto de 2021 para regularizar seus d\u00e9bitos de INSS, ISS e ICMS, por meio do Documento de Arrecada\u00e7\u00e3o do Simples Nacional (DAS) ou parcelamento.<\/p>\n<p>A partir de setembro de 2021, a Receita Federal encaminhar\u00e1 os d\u00e9bitos n\u00e3o regularizados para inscri\u00e7\u00e3o em D\u00edvida Ativa. Caso n\u00e3o fa\u00e7a a regulariza\u00e7\u00e3o, o MEI poder\u00e1 ser cobrado judicialmente, perder os benef\u00edcios previdenci\u00e1rios, ter o CNPJ cancelado, ter dificuldades na obten\u00e7\u00e3o de empr\u00e9stimos e at\u00e9 mesmo ser exclu\u00eddo do Simples Nacional e SIMEI.<\/p>\n<p>Procure o SEBRAE (Av. Severino Meireles 1230 &#8211; Centro) munido dos seguintes documentos: RG, CPF, T\u00edtulo de Eleitor e CNPJ para ser orientado sobre como regularizar seus d\u00e9bitos.<\/p>\n<p>Informa\u00e7\u00f5es &#8211; (19) 3584 8548<\/p>\n<p>N\u00e3o perca o prazo!<\/p>\n<p>#sebrae #santarita<\/p>\n","protected":false},"excerpt":{"rendered":"<p>De acordo com a Receita Federal, mais de 4,4 milh\u00f5es de Microempreendedores Individuais est\u00e3o inadimplentes, o que representa cerca de<\/p>\n","protected":false},"author":1,"featured_media":5244,"comment_status":"closed","ping_status":"open","sticky":false,"template":"","format":"standard","meta":{"footnotes":""},"categories":[48,49],"tags":[],"class_list":["post-5243","post","type-post","status-publish","format-standard","has-post-thumbnail","hentry","category-featured","category-diversos"],"_links":{"self":[{"href":"https:\/\/www.santaritadopassaquatro.sp.gov.br\/portal\/wp-json\/wp\/v2\/posts\/5243","targetHints":{"allow":["GET"]}}],"collection":[{"href":"https:\/\/www.santaritadopassaquatro.sp.gov.br\/portal\/wp-json\/wp\/v2\/posts"}],"about":[{"href":"https:\/\/www.santaritadopassaquatro.sp.gov.br\/portal\/wp-json\/wp\/v2\/types\/post"}],"author":[{"embeddable":true,"href":"https:\/\/www.santaritadopassaquatro.sp.gov.br\/portal\/wp-json\/wp\/v2\/users\/1"}],"replies":[{"embeddable":true,"href":"https:\/\/www.santaritadopassaquatro.sp.gov.br\/portal\/wp-json\/wp\/v2\/comments?post=5243"}],"version-history":[{"count":1,"href":"https:\/\/www.santaritadopassaquatro.sp.gov.br\/portal\/wp-json\/wp\/v2\/posts\/5243\/revisions"}],"predecessor-version":[{"id":5245,"href":"https:\/\/www.santaritadopassaquatro.sp.gov.br\/portal\/wp-json\/wp\/v2\/posts\/5243\/revisions\/5245"}],"wp:featuredmedia":[{"embeddable":true,"href":"https:\/\/www.santaritadopassaquatro.sp.gov.br\/portal\/wp-json\/wp\/v2\/media\/5244"}],"wp:attachment":[{"href":"https:\/\/www.santaritadopassaquatro.sp.gov.br\/portal\/wp-json\/wp\/v2\/media?parent=5243"}],"wp:term":[{"taxonomy":"category","embeddable":true,"href":"https:\/\/www.santaritadopassaquatro.sp.gov.br\/portal\/wp-json\/wp\/v2\/categories?post=5243"},{"taxonomy":"post_tag","embeddable":true,"href":"https:\/\/www.santaritadopassaquatro.sp.gov.br\/portal\/wp-json\/wp\/v2\/tags?post=5243"}],"curies":[{"name":"wp","href":"https:\/\/api.w.org\/{rel}","templated":true}]}}