{"id":5249,"date":"2021-08-26T11:25:37","date_gmt":"2021-08-26T14:25:37","guid":{"rendered":"http:\/\/www.santaritadopassaquatro.sp.gov.br\/portal\/?p=5249"},"modified":"2021-08-26T11:26:17","modified_gmt":"2021-08-26T14:26:17","slug":"comunicado-matricula-e-rematricula-escolar","status":"publish","type":"post","link":"https:\/\/www.santaritadopassaquatro.sp.gov.br\/portal\/comunicado-matricula-e-rematricula-escolar\/","title":{"rendered":"COMUNICADO: MATR\u00cdCULA E REMATR\u00cdCULA ESCOLAR"},"content":{"rendered":"<p>O Departamento Municipal de Educa\u00e7\u00e3o comunica aos pais e\/ou respons\u00e1veis que o per\u00edodo de matr\u00edculas e rematr\u00edculas para o ano letivo de 2022 nas escolas municipais \u2013 EMEIs e EMEFs &#8211; ocorrer\u00e1, conforme dados especificados abaixo:<\/p>\n<p>Per\u00edodo: 01 a 30\/09<\/p>\n<p>Hora: das 7h30 \u00e0s 16h<\/p>\n<p>Local: Unidade escolar mais pr\u00f3xima de sua resid\u00eancia<\/p>\n<p>A matr\u00edcula no Jardim I \u00e9 obrigat\u00f3ria para as crian\u00e7as com 4 (quatro anos), nascidas at\u00e9 31\/03\/2018<\/p>\n<p>DOCUMENTOS NECESS\u00c1RIOS<strong>:\u00a0C\u00d3PIAS (X\u00c9ROX) &#8211; <\/strong>REGISTRO DE NASCIMENTO, RG DA CRIAN\u00c7A (SE A MESMA TIVER), CARTEIRA DE VACINA\u00c7\u00c3O, RG E CPF DOS PAIS, CART\u00c3O SUS, COMPROVANTE DE RESID\u00caNCIA E CART\u00c3O DO PROGRAMA BOLSA FAM\u00cdLIA (CASO O ESTUDANTE POSSUA)<\/p>\n<p>&nbsp;<\/p>\n<p>A EMEF Francisco Ribeiro informa, tamb\u00e9m, que est\u00e3o abertas as matr\u00edculas para EJA (Educa\u00e7\u00e3o de Jovens e Adultos) do 1\u00ba ao 5\u00ba ano do Ensino Fundamental. Procure a secretaria da escola.<\/p>\n","protected":false},"excerpt":{"rendered":"<p>O Departamento Municipal de Educa\u00e7\u00e3o comunica aos pais e\/ou respons\u00e1veis que o per\u00edodo de matr\u00edculas e rematr\u00edculas para o ano<\/p>\n","protected":false},"author":1,"featured_media":0,"comment_status":"closed","ping_status":"open","sticky":false,"template":"","format":"standard","meta":{"footnotes":""},"categories":[61,28],"tags":[],"class_list":["post-5249","post","type-post","status-publish","format-standard","hentry","category-comunicados-importantes","category-educacao"],"_links":{"self":[{"href":"https:\/\/www.santaritadopassaquatro.sp.gov.br\/portal\/wp-json\/wp\/v2\/posts\/5249","targetHints":{"allow":["GET"]}}],"collection":[{"href":"https:\/\/www.santaritadopassaquatro.sp.gov.br\/portal\/wp-json\/wp\/v2\/posts"}],"about":[{"href":"https:\/\/www.santaritadopassaquatro.sp.gov.br\/portal\/wp-json\/wp\/v2\/types\/post"}],"author":[{"embeddable":true,"href":"https:\/\/www.santaritadopassaquatro.sp.gov.br\/portal\/wp-json\/wp\/v2\/users\/1"}],"replies":[{"embeddable":true,"href":"https:\/\/www.santaritadopassaquatro.sp.gov.br\/portal\/wp-json\/wp\/v2\/comments?post=5249"}],"version-history":[{"count":1,"href":"https:\/\/www.santaritadopassaquatro.sp.gov.br\/portal\/wp-json\/wp\/v2\/posts\/5249\/revisions"}],"predecessor-version":[{"id":5250,"href":"https:\/\/www.santaritadopassaquatro.sp.gov.br\/portal\/wp-json\/wp\/v2\/posts\/5249\/revisions\/5250"}],"wp:attachment":[{"href":"https:\/\/www.santaritadopassaquatro.sp.gov.br\/portal\/wp-json\/wp\/v2\/media?parent=5249"}],"wp:term":[{"taxonomy":"category","embeddable":true,"href":"https:\/\/www.santaritadopassaquatro.sp.gov.br\/portal\/wp-json\/wp\/v2\/categories?post=5249"},{"taxonomy":"post_tag","embeddable":true,"href":"https:\/\/www.santaritadopassaquatro.sp.gov.br\/portal\/wp-json\/wp\/v2\/tags?post=5249"}],"curies":[{"name":"wp","href":"https:\/\/api.w.org\/{rel}","templated":true}]}}