{"id":5256,"date":"2021-08-27T16:40:14","date_gmt":"2021-08-27T19:40:14","guid":{"rendered":"http:\/\/www.santaritadopassaquatro.sp.gov.br\/portal\/?p=5256"},"modified":"2021-08-27T16:40:14","modified_gmt":"2021-08-27T19:40:14","slug":"atribuicao-de-aulas-3","status":"publish","type":"post","link":"https:\/\/www.santaritadopassaquatro.sp.gov.br\/portal\/atribuicao-de-aulas-3\/","title":{"rendered":"ATRIBUI\u00c7\u00c3O DE AULAS"},"content":{"rendered":"<ul>\n<li><a href=\"http:\/\/www.santaritadopassaquatro.sp.gov.br\/portal\/wp-content\/uploads\/2021\/08\/Cronograma-de-atribui\u00e7\u00e3o-20211.pdf\" target=\"_blank\" rel=\"noopener\">Cronograma de atribui\u00e7\u00e3o 2021<\/a><\/li>\n<li><a href=\"http:\/\/www.santaritadopassaquatro.sp.gov.br\/portal\/wp-content\/uploads\/2021\/08\/EDITAL-DE-ATRIBUI\u00c7\u00c3O-EMEF-DO-CAIC-LAURA-SURIANI-BARBUIO.pdf\" target=\"_blank\" rel=\"noopener\">EDITAL DE ATRIBUI\u00c7\u00c3O &#8211; EMEF DO CAIC LAURA SURIANI BARBUIO<\/a><\/li>\n<li><a href=\"http:\/\/www.santaritadopassaquatro.sp.gov.br\/portal\/wp-content\/uploads\/2021\/08\/EDITAL-DE-ATRIBUI\u00c7\u00c3O-CRECHE-ANA-MARDEGAN-SCORSOLINI.pdf\" target=\"_blank\" rel=\"noopener\">EDITAL DE ATRIBUI\u00c7\u00c3O CRECHE ANA MARDEGAN SCORSOLINI<\/a><\/li>\n<li><a href=\"http:\/\/www.santaritadopassaquatro.sp.gov.br\/portal\/wp-content\/uploads\/2021\/08\/EDITAL-DE-ATRIBUI\u00c7\u00c3O-EMEF-FRANCISCO-RIBEIRO.pdf\" target=\"_blank\" rel=\"noopener\">EDITAL DE ATRIBUI\u00c7\u00c3O EMEF FRANCISCO RIBEIRO<\/a><\/li>\n<\/ul>\n","protected":false},"excerpt":{"rendered":"<p>Cronograma de atribui\u00e7\u00e3o 2021 EDITAL DE ATRIBUI\u00c7\u00c3O &#8211; EMEF DO CAIC LAURA SURIANI BARBUIO EDITAL DE ATRIBUI\u00c7\u00c3O CRECHE ANA MARDEGAN<\/p>\n","protected":false},"author":1,"featured_media":0,"comment_status":"closed","ping_status":"open","sticky":false,"template":"","format":"standard","meta":{"footnotes":""},"categories":[33],"tags":[],"class_list":["post-5256","post","type-post","status-publish","format-standard","hentry","category-atribuicao-de-aulas"],"_links":{"self":[{"href":"https:\/\/www.santaritadopassaquatro.sp.gov.br\/portal\/wp-json\/wp\/v2\/posts\/5256","targetHints":{"allow":["GET"]}}],"collection":[{"href":"https:\/\/www.santaritadopassaquatro.sp.gov.br\/portal\/wp-json\/wp\/v2\/posts"}],"about":[{"href":"https:\/\/www.santaritadopassaquatro.sp.gov.br\/portal\/wp-json\/wp\/v2\/types\/post"}],"author":[{"embeddable":true,"href":"https:\/\/www.santaritadopassaquatro.sp.gov.br\/portal\/wp-json\/wp\/v2\/users\/1"}],"replies":[{"embeddable":true,"href":"https:\/\/www.santaritadopassaquatro.sp.gov.br\/portal\/wp-json\/wp\/v2\/comments?post=5256"}],"version-history":[{"count":1,"href":"https:\/\/www.santaritadopassaquatro.sp.gov.br\/portal\/wp-json\/wp\/v2\/posts\/5256\/revisions"}],"predecessor-version":[{"id":5261,"href":"https:\/\/www.santaritadopassaquatro.sp.gov.br\/portal\/wp-json\/wp\/v2\/posts\/5256\/revisions\/5261"}],"wp:attachment":[{"href":"https:\/\/www.santaritadopassaquatro.sp.gov.br\/portal\/wp-json\/wp\/v2\/media?parent=5256"}],"wp:term":[{"taxonomy":"category","embeddable":true,"href":"https:\/\/www.santaritadopassaquatro.sp.gov.br\/portal\/wp-json\/wp\/v2\/categories?post=5256"},{"taxonomy":"post_tag","embeddable":true,"href":"https:\/\/www.santaritadopassaquatro.sp.gov.br\/portal\/wp-json\/wp\/v2\/tags?post=5256"}],"curies":[{"name":"wp","href":"https:\/\/api.w.org\/{rel}","templated":true}]}}