{"id":5266,"date":"2021-08-31T16:07:41","date_gmt":"2021-08-31T19:07:41","guid":{"rendered":"http:\/\/www.santaritadopassaquatro.sp.gov.br\/portal\/?p=5266"},"modified":"2021-08-31T16:07:41","modified_gmt":"2021-08-31T19:07:41","slug":"o-projeto-renascentes-do-passa-quatro-esta-a-todo-vapor","status":"publish","type":"post","link":"https:\/\/www.santaritadopassaquatro.sp.gov.br\/portal\/o-projeto-renascentes-do-passa-quatro-esta-a-todo-vapor\/","title":{"rendered":"O projeto \u201cRenascentes do Passa Quatro\u201d est\u00e1 \u00e0 todo vapor"},"content":{"rendered":"<p>Essa semana foi dado in\u00edcio aos trabalhos na primeira nascente da Bacia Hidrogr\u00e1fica do C\u00f3rrego Passa-Quatro, a \u00e1rea do primeiro plantio (4.683 m\u00b2) apresentava um processo de eros\u00e3o avan\u00e7ado por conta de \u00e1guas pluviais e do pisoteio de gado. Para iniciar o preparo do solo para o plantio, foi feita uma parceria entre a COMASA e os departamentos de Agricultura e Meio Ambiente e Obras e Infraestrutura da Prefeitura Municipal, para a cobertura da eros\u00e3o existente, a constru\u00e7\u00e3o de curva de n\u00edvel para evitar futuros assoreamentos por conta de \u00e1gua pluvial e o cercamento das nascentes para impedir o acesso de gado.<\/p>\n<p>Os alunos escolhidos foram apresentados ao Projeto \u201cRenascentes do Passa Quatro\u201d no dia 25 de agosto de 2021, com uma apresenta\u00e7\u00e3o ministrada pela Encarregada de Opera\u00e7\u00f5es L\u00edvia Maria Ottaviano, Isabelly Girotto Pucci da COMASA e da funcion\u00e1ria Ana Vict\u00f3ria Silva do Departamento de Agricultura e Meio Ambiente.<br \/>\nDando continuidade ao projeto, hoje foi realizado o plantio de 600 mudas na \u00e1rea da nascente, com participa\u00e7\u00e3o dos alunos do professor Francisco Odair Coradello da Escola Estadual \u201cNelson Fernandes\u201d e da professora Maria Salete Zufelato Vencel da Escola T\u00e9cnica \u201cManoel dos Reis Ara\u00fajo\u201d. Em parceria, A COMASA e a PMSRPQ desenvolveram a prepara\u00e7\u00e3o do plantio, o qual foi realizado com participa\u00e7\u00e3o dos alunos, dos funcion\u00e1rios da COMASA junto com o Superintendente de Opera\u00e7\u00f5es Felix Antonio de Moura e o diretor do Departamento de Agricultura e Meio Ambiente Germano Quaglio e sua equipe.<\/p>\n<p>Os professores participaram no m\u00eas passado de uma visita t\u00e9cnica \u00e0 \u00e1rea da nascente escolhida, junto ao Departamento de Agricultura e Meio Ambiente, para falar com os alunos sobre fragilidades do solo e a import\u00e2ncia da conserva\u00e7\u00e3o, por isso foram escolhidos para estarem participando do plantio para a recupera\u00e7\u00e3o da \u00e1rea degradada.<br \/>\nEsse \u00e9 o primeiro passo do cronograma anual para a recupera\u00e7\u00e3o de v\u00e1rias nascentes e tamb\u00e9m suas \u00e1reas de preserva\u00e7\u00e3o permanente. A recupera\u00e7\u00e3o da Bacia Hidrogr\u00e1fica do C\u00f3rrego Passa-Quatro \u00e9 uma prioridade da Prefeitura Municipal e da COMASA, pois a preserva\u00e7\u00e3o dessa \u00e1rea visa o equil\u00edbrio do ecossistema para garantir a conserva\u00e7\u00e3o de nossos recursos h\u00eddricos<\/p>\n","protected":false},"excerpt":{"rendered":"<p>Essa semana foi dado in\u00edcio aos trabalhos na primeira nascente da Bacia Hidrogr\u00e1fica do C\u00f3rrego Passa-Quatro, a \u00e1rea do primeiro<\/p>\n","protected":false},"author":1,"featured_media":5267,"comment_status":"closed","ping_status":"open","sticky":false,"template":"","format":"standard","meta":{"footnotes":""},"categories":[53],"tags":[],"class_list":["post-5266","post","type-post","status-publish","format-standard","has-post-thumbnail","hentry","category-meio-ambiente"],"_links":{"self":[{"href":"https:\/\/www.santaritadopassaquatro.sp.gov.br\/portal\/wp-json\/wp\/v2\/posts\/5266","targetHints":{"allow":["GET"]}}],"collection":[{"href":"https:\/\/www.santaritadopassaquatro.sp.gov.br\/portal\/wp-json\/wp\/v2\/posts"}],"about":[{"href":"https:\/\/www.santaritadopassaquatro.sp.gov.br\/portal\/wp-json\/wp\/v2\/types\/post"}],"author":[{"embeddable":true,"href":"https:\/\/www.santaritadopassaquatro.sp.gov.br\/portal\/wp-json\/wp\/v2\/users\/1"}],"replies":[{"embeddable":true,"href":"https:\/\/www.santaritadopassaquatro.sp.gov.br\/portal\/wp-json\/wp\/v2\/comments?post=5266"}],"version-history":[{"count":1,"href":"https:\/\/www.santaritadopassaquatro.sp.gov.br\/portal\/wp-json\/wp\/v2\/posts\/5266\/revisions"}],"predecessor-version":[{"id":5268,"href":"https:\/\/www.santaritadopassaquatro.sp.gov.br\/portal\/wp-json\/wp\/v2\/posts\/5266\/revisions\/5268"}],"wp:featuredmedia":[{"embeddable":true,"href":"https:\/\/www.santaritadopassaquatro.sp.gov.br\/portal\/wp-json\/wp\/v2\/media\/5267"}],"wp:attachment":[{"href":"https:\/\/www.santaritadopassaquatro.sp.gov.br\/portal\/wp-json\/wp\/v2\/media?parent=5266"}],"wp:term":[{"taxonomy":"category","embeddable":true,"href":"https:\/\/www.santaritadopassaquatro.sp.gov.br\/portal\/wp-json\/wp\/v2\/categories?post=5266"},{"taxonomy":"post_tag","embeddable":true,"href":"https:\/\/www.santaritadopassaquatro.sp.gov.br\/portal\/wp-json\/wp\/v2\/tags?post=5266"}],"curies":[{"name":"wp","href":"https:\/\/api.w.org\/{rel}","templated":true}]}}