{"id":5287,"date":"2021-08-31T10:12:45","date_gmt":"2021-08-31T13:12:45","guid":{"rendered":"http:\/\/www.santaritadopassaquatro.sp.gov.br\/portal\/?p=5287"},"modified":"2021-08-31T16:13:34","modified_gmt":"2021-08-31T19:13:34","slug":"hoje-tem-horario-estendido-para-a-vacinacao-contra-a-covid-19","status":"publish","type":"post","link":"https:\/\/www.santaritadopassaquatro.sp.gov.br\/portal\/hoje-tem-horario-estendido-para-a-vacinacao-contra-a-covid-19\/","title":{"rendered":"Hoje tem hor\u00e1rio estendido para a vacina\u00e7\u00e3o contra a Covid-19"},"content":{"rendered":"<p>Toda ter\u00e7a-feira ter\u00e1 hor\u00e1rio estendido para vacina\u00e7\u00e3o da primeira e segunda dose contra a Covid-19. Mas aten\u00e7\u00e3o, o hor\u00e1rio estendido vale somente para o Posto CSII, das 07:30 \u00e0s 17:00.<\/p>\n<p>?A vacina\u00e7\u00e3o no Posto CAIC segue normalmente, das 07:30 \u00e0s 13:00.<\/p>\n<p>\u23e9Pedimos que, para agilizar o procedimento, fa\u00e7a a inscri\u00e7\u00e3o no site https:\/\/vacinaja.sp.gov.br\/.<\/p>\n<p>O Menor que for desacompanhado precisa levar o termo de assentimento assinado pelos pais ou respons\u00e1vel, que est\u00e1 dispon\u00edvel no link a seguir<\/p>\n<p>https:\/\/drive.google.com\/file\/d\/1f3712KV4Jegxrp-F00SZ3KOJEAXRY-2k\/view?usp=sharing<\/p>\n<p>?Se poss\u00edvel, leve um 1kg de alimento n\u00e3o perec\u00edvel para doa\u00e7\u00e3o, afinal, fazer o bem faz bem.<\/p>\n<p>#vacinaja #santavacina #santarita<\/p>\n","protected":false},"excerpt":{"rendered":"<p>Toda ter\u00e7a-feira ter\u00e1 hor\u00e1rio estendido para vacina\u00e7\u00e3o da primeira e segunda dose contra a Covid-19. Mas aten\u00e7\u00e3o, o hor\u00e1rio estendido<\/p>\n","protected":false},"author":1,"featured_media":5288,"comment_status":"closed","ping_status":"open","sticky":false,"template":"","format":"standard","meta":{"footnotes":""},"categories":[40],"tags":[],"class_list":["post-5287","post","type-post","status-publish","format-standard","has-post-thumbnail","hentry","category-covid-19"],"_links":{"self":[{"href":"https:\/\/www.santaritadopassaquatro.sp.gov.br\/portal\/wp-json\/wp\/v2\/posts\/5287","targetHints":{"allow":["GET"]}}],"collection":[{"href":"https:\/\/www.santaritadopassaquatro.sp.gov.br\/portal\/wp-json\/wp\/v2\/posts"}],"about":[{"href":"https:\/\/www.santaritadopassaquatro.sp.gov.br\/portal\/wp-json\/wp\/v2\/types\/post"}],"author":[{"embeddable":true,"href":"https:\/\/www.santaritadopassaquatro.sp.gov.br\/portal\/wp-json\/wp\/v2\/users\/1"}],"replies":[{"embeddable":true,"href":"https:\/\/www.santaritadopassaquatro.sp.gov.br\/portal\/wp-json\/wp\/v2\/comments?post=5287"}],"version-history":[{"count":1,"href":"https:\/\/www.santaritadopassaquatro.sp.gov.br\/portal\/wp-json\/wp\/v2\/posts\/5287\/revisions"}],"predecessor-version":[{"id":5289,"href":"https:\/\/www.santaritadopassaquatro.sp.gov.br\/portal\/wp-json\/wp\/v2\/posts\/5287\/revisions\/5289"}],"wp:featuredmedia":[{"embeddable":true,"href":"https:\/\/www.santaritadopassaquatro.sp.gov.br\/portal\/wp-json\/wp\/v2\/media\/5288"}],"wp:attachment":[{"href":"https:\/\/www.santaritadopassaquatro.sp.gov.br\/portal\/wp-json\/wp\/v2\/media?parent=5287"}],"wp:term":[{"taxonomy":"category","embeddable":true,"href":"https:\/\/www.santaritadopassaquatro.sp.gov.br\/portal\/wp-json\/wp\/v2\/categories?post=5287"},{"taxonomy":"post_tag","embeddable":true,"href":"https:\/\/www.santaritadopassaquatro.sp.gov.br\/portal\/wp-json\/wp\/v2\/tags?post=5287"}],"curies":[{"name":"wp","href":"https:\/\/api.w.org\/{rel}","templated":true}]}}