{"id":5299,"date":"2021-09-02T16:37:43","date_gmt":"2021-09-02T19:37:43","guid":{"rendered":"http:\/\/www.santaritadopassaquatro.sp.gov.br\/portal\/?p=5299"},"modified":"2021-09-02T16:37:43","modified_gmt":"2021-09-02T19:37:43","slug":"prefeitura-promovera-atividades-para-criancas-no-dia-07-de-setembro","status":"publish","type":"post","link":"https:\/\/www.santaritadopassaquatro.sp.gov.br\/portal\/prefeitura-promovera-atividades-para-criancas-no-dia-07-de-setembro\/","title":{"rendered":"Prefeitura promover\u00e1 atividades para crian\u00e7as no dia 07 de setembro"},"content":{"rendered":"<p>No feriado do dia 07 de Setembro &#8211; Dia da Independ\u00eancia -, a Prefeitura Municipal de Santa Rita do Passa Quatro promover\u00e1 diversas atividades para as crian\u00e7as no Jardim S\u00e3o Luiz e no Distrito de Santa Cruz da Estrela.<\/p>\n<p>Teremos gincanas, atividades circenses, com distribui\u00e7\u00e3o de pipoca, algod\u00e3o doce, hot dog e suco.<\/p>\n<p>No Jardim S\u00e3o Luiz o evento ser\u00e1 na Igreja S\u00e3o Jos\u00e9 Oper\u00e1rio, no espa\u00e7o Pequeno Pr\u00edncipe, das 08:00 \u00e0s 12:00 horas.<\/p>\n<p>No Distrito de Santa Cruz da Estrela ser\u00e1 das 14:00 \u00e0s 18:00, na Pra\u00e7a.<\/p>\n<p>#santarita #independencia #estrela<\/p>\n","protected":false},"excerpt":{"rendered":"<p>No feriado do dia 07 de Setembro &#8211; Dia da Independ\u00eancia -, a Prefeitura Municipal de Santa Rita do Passa<\/p>\n","protected":false},"author":1,"featured_media":5300,"comment_status":"closed","ping_status":"open","sticky":false,"template":"","format":"standard","meta":{"footnotes":""},"categories":[48],"tags":[],"class_list":["post-5299","post","type-post","status-publish","format-standard","has-post-thumbnail","hentry","category-featured"],"_links":{"self":[{"href":"https:\/\/www.santaritadopassaquatro.sp.gov.br\/portal\/wp-json\/wp\/v2\/posts\/5299","targetHints":{"allow":["GET"]}}],"collection":[{"href":"https:\/\/www.santaritadopassaquatro.sp.gov.br\/portal\/wp-json\/wp\/v2\/posts"}],"about":[{"href":"https:\/\/www.santaritadopassaquatro.sp.gov.br\/portal\/wp-json\/wp\/v2\/types\/post"}],"author":[{"embeddable":true,"href":"https:\/\/www.santaritadopassaquatro.sp.gov.br\/portal\/wp-json\/wp\/v2\/users\/1"}],"replies":[{"embeddable":true,"href":"https:\/\/www.santaritadopassaquatro.sp.gov.br\/portal\/wp-json\/wp\/v2\/comments?post=5299"}],"version-history":[{"count":1,"href":"https:\/\/www.santaritadopassaquatro.sp.gov.br\/portal\/wp-json\/wp\/v2\/posts\/5299\/revisions"}],"predecessor-version":[{"id":5301,"href":"https:\/\/www.santaritadopassaquatro.sp.gov.br\/portal\/wp-json\/wp\/v2\/posts\/5299\/revisions\/5301"}],"wp:featuredmedia":[{"embeddable":true,"href":"https:\/\/www.santaritadopassaquatro.sp.gov.br\/portal\/wp-json\/wp\/v2\/media\/5300"}],"wp:attachment":[{"href":"https:\/\/www.santaritadopassaquatro.sp.gov.br\/portal\/wp-json\/wp\/v2\/media?parent=5299"}],"wp:term":[{"taxonomy":"category","embeddable":true,"href":"https:\/\/www.santaritadopassaquatro.sp.gov.br\/portal\/wp-json\/wp\/v2\/categories?post=5299"},{"taxonomy":"post_tag","embeddable":true,"href":"https:\/\/www.santaritadopassaquatro.sp.gov.br\/portal\/wp-json\/wp\/v2\/tags?post=5299"}],"curies":[{"name":"wp","href":"https:\/\/api.w.org\/{rel}","templated":true}]}}