{"id":5302,"date":"2021-09-02T16:39:53","date_gmt":"2021-09-02T19:39:53","guid":{"rendered":"http:\/\/www.santaritadopassaquatro.sp.gov.br\/portal\/?p=5302"},"modified":"2021-09-02T16:39:53","modified_gmt":"2021-09-02T19:39:53","slug":"diretor-do-dama-visita-deputado-para-pleitear-equipamentos-de-combate-aos-incendios","status":"publish","type":"post","link":"https:\/\/www.santaritadopassaquatro.sp.gov.br\/portal\/diretor-do-dama-visita-deputado-para-pleitear-equipamentos-de-combate-aos-incendios\/","title":{"rendered":"DIRETOR DO DAMA VISITA DEPUTADO PARA PLEITEAR EQUIPAMENTOS DE COMBATE AOS INC\u00caNDIOS"},"content":{"rendered":"<p>No dia 25\/08, o Diretor do Departamento de Agricultura e Meio Ambiente, Germano Quaglio, na companhia do Dr. Fabio Gusman Palhares, estiveram na Assembleia Legislativa de S\u00e3o Paulo (ALESP) visitando o Deputado Coronel Paulo Nishikawa, onde foram muito bem recebidos pelo deputado e sua assessoria, dentre eles, o Coronel Galasso. A visita teve como objetivo, pleitear mais equipamentos para nosso munic\u00edpio e assim refor\u00e7ar no combate aos inc\u00eandios em Santa Rita e regi\u00e3o.<\/p>\n<p>A Prefeitura da Est\u00e2ncia Clim\u00e1tica de Santa Rita do Passa Quatro agradece ao Deputado Coronel Nishikawa e toda a sua equipe pelo carinho e aten\u00e7\u00e3o dados \u00e0 nossa cidade.<\/p>\n<p>#santarita<\/p>\n<p style=\"text-align: center;\"><img decoding=\"async\" class=\"aligncenter size-large wp-image-5304\" src=\"http:\/\/www.santaritadopassaquatro.sp.gov.br\/portal\/wp-content\/uploads\/2021\/09\/diretor1-1024x1024.jpg\" alt=\"\" width=\"800\" height=\"800\" srcset=\"https:\/\/www.santaritadopassaquatro.sp.gov.br\/portal\/wp-content\/uploads\/2021\/09\/diretor1-1024x1024.jpg 1024w, https:\/\/www.santaritadopassaquatro.sp.gov.br\/portal\/wp-content\/uploads\/2021\/09\/diretor1-150x150.jpg 150w, https:\/\/www.santaritadopassaquatro.sp.gov.br\/portal\/wp-content\/uploads\/2021\/09\/diretor1-300x300.jpg 300w, https:\/\/www.santaritadopassaquatro.sp.gov.br\/portal\/wp-content\/uploads\/2021\/09\/diretor1-768x768.jpg 768w, https:\/\/www.santaritadopassaquatro.sp.gov.br\/portal\/wp-content\/uploads\/2021\/09\/diretor1.jpg 1080w\" sizes=\"(max-width: 800px) 100vw, 800px\" \/><\/p>\n","protected":false},"excerpt":{"rendered":"<p>No dia 25\/08, o Diretor do Departamento de Agricultura e Meio Ambiente, Germano Quaglio, na companhia do Dr. Fabio Gusman<\/p>\n","protected":false},"author":1,"featured_media":5303,"comment_status":"closed","ping_status":"open","sticky":false,"template":"","format":"standard","meta":{"footnotes":""},"categories":[53],"tags":[],"class_list":["post-5302","post","type-post","status-publish","format-standard","has-post-thumbnail","hentry","category-meio-ambiente"],"_links":{"self":[{"href":"https:\/\/www.santaritadopassaquatro.sp.gov.br\/portal\/wp-json\/wp\/v2\/posts\/5302","targetHints":{"allow":["GET"]}}],"collection":[{"href":"https:\/\/www.santaritadopassaquatro.sp.gov.br\/portal\/wp-json\/wp\/v2\/posts"}],"about":[{"href":"https:\/\/www.santaritadopassaquatro.sp.gov.br\/portal\/wp-json\/wp\/v2\/types\/post"}],"author":[{"embeddable":true,"href":"https:\/\/www.santaritadopassaquatro.sp.gov.br\/portal\/wp-json\/wp\/v2\/users\/1"}],"replies":[{"embeddable":true,"href":"https:\/\/www.santaritadopassaquatro.sp.gov.br\/portal\/wp-json\/wp\/v2\/comments?post=5302"}],"version-history":[{"count":1,"href":"https:\/\/www.santaritadopassaquatro.sp.gov.br\/portal\/wp-json\/wp\/v2\/posts\/5302\/revisions"}],"predecessor-version":[{"id":5305,"href":"https:\/\/www.santaritadopassaquatro.sp.gov.br\/portal\/wp-json\/wp\/v2\/posts\/5302\/revisions\/5305"}],"wp:featuredmedia":[{"embeddable":true,"href":"https:\/\/www.santaritadopassaquatro.sp.gov.br\/portal\/wp-json\/wp\/v2\/media\/5303"}],"wp:attachment":[{"href":"https:\/\/www.santaritadopassaquatro.sp.gov.br\/portal\/wp-json\/wp\/v2\/media?parent=5302"}],"wp:term":[{"taxonomy":"category","embeddable":true,"href":"https:\/\/www.santaritadopassaquatro.sp.gov.br\/portal\/wp-json\/wp\/v2\/categories?post=5302"},{"taxonomy":"post_tag","embeddable":true,"href":"https:\/\/www.santaritadopassaquatro.sp.gov.br\/portal\/wp-json\/wp\/v2\/tags?post=5302"}],"curies":[{"name":"wp","href":"https:\/\/api.w.org\/{rel}","templated":true}]}}