{"id":5306,"date":"2021-09-02T16:41:41","date_gmt":"2021-09-02T19:41:41","guid":{"rendered":"http:\/\/www.santaritadopassaquatro.sp.gov.br\/portal\/?p=5306"},"modified":"2021-09-02T16:41:41","modified_gmt":"2021-09-02T19:41:41","slug":"coleta-de-pilhas-e-baterias","status":"publish","type":"post","link":"https:\/\/www.santaritadopassaquatro.sp.gov.br\/portal\/coleta-de-pilhas-e-baterias\/","title":{"rendered":"Coleta de Pilhas e Baterias"},"content":{"rendered":"<p>Ap\u00f3s 3 semanas de instala\u00e7\u00e3o dos 20 coletores de pilhas e baterias, o munic\u00edpio de Santa Rita do Passa Quatro j\u00e1 conseguiu arrecadar 130 kg de pilhas e baterias. O resultado se deve aos mun\u00edcipes que v\u00eam colaborando e entregando suas pilhas e baterias nos coletores e diretamente no Departamento de Agricultura e Meio Ambiente \u2013 hoje situado na Rua Jos\u00e9 Bonif\u00e1cio, 23.<\/p>\n<p>A Prefeitura agradece a todos os mun\u00edcipes que v\u00eam participando e colaborando para que esses materiais sejam descartados de forma correta. Entre os mun\u00edcipes que entregaram suas pilhas diretamente no Departamento de Agricultura e Meio Ambiente a Prefeitura Municipal destaca o Professor F\u00e1bio Alessandro de Souza que foi a primeira pessoa a entregar suas pilhas no coletor do departamento, os membros do grupo ECO4 que trouxeram aproximadamente 40 kg de pilhas recolhidas de seu projeto educativo \u201cColhe Pilhas\u201d e ao senhor Arquelau Maestrello Zord\u00e3o, Presidente da Comiss\u00e3o de Res\u00edduos da UFSCar, do Campus Araras, que entregou aproximadamente 43 kg de pilhas e baterias. Entre os locais com coletores instalados, destaca-se o Departamento de Educa\u00e7\u00e3o, onde o coletor ficou totalmente preenchido. Os coletores de pilhas est\u00e3o instalados nos seguintes locais:<\/p>\n<p>-Pa\u00e7o Municipal<br \/>\n&#8211; Departamento de Agricultura e Meio Ambiente<br \/>\n&#8211; Departamento de Educa\u00e7\u00e3o<br \/>\n&#8211; Centro Ol\u00edmpico<br \/>\n&#8211; CRAS<br \/>\n&#8211; Terminal Rodovi\u00e1rio<br \/>\n&#8211; PSF de Santa Cruz da Estrela<br \/>\n&#8211; PSF do bairro S\u00e3o Lu\u00eds<br \/>\n&#8211; Centro de Sa\u00fade I<br \/>\n&#8211; Centro de Sa\u00fade II<br \/>\n&#8211; Escola Municipal \u201cLaura Suriani Barbuio\u201d<br \/>\n&#8211; Escola Municipal \u201cFrancisco Ribeiro\u201d<br \/>\n&#8211; Escola Municipal \u201cMadre Carmelita\u201d<br \/>\n&#8211; Escola Municipal \u201cJo\u00e3o Baptista da Rocha Corr\u00eaa\u201d<br \/>\n&#8211; Garagem Municipal<br \/>\n&#8211; Gin\u00e1sio Municipal de Esportes \u201cCelso Sintoni\u201d<br \/>\n&#8211; Fundo Social<br \/>\n&#8211; Centro de Conven\u00e7\u00f5es \u201cM\u00e1rio Covas\u201d<br \/>\n&#8211; CAIS<\/p>\n<p>Lembrando que, para as pessoas que tenham um grande volume de pilhas guardadas, orientamos que encaminhem ao Departamento de Agricultura e Meio Ambiente que ser\u00e1 a central de recebimento, com um local apropriado para o armazenamento de grandes volumes.<\/p>\n<p style=\"text-align: center;\"><img decoding=\"async\" class=\"aligncenter size-large wp-image-5310\" src=\"http:\/\/www.santaritadopassaquatro.sp.gov.br\/portal\/wp-content\/uploads\/2021\/09\/pilhas4-819x1024.jpg\" alt=\"\" width=\"800\" height=\"1000\" srcset=\"https:\/\/www.santaritadopassaquatro.sp.gov.br\/portal\/wp-content\/uploads\/2021\/09\/pilhas4-819x1024.jpg 819w, https:\/\/www.santaritadopassaquatro.sp.gov.br\/portal\/wp-content\/uploads\/2021\/09\/pilhas4-240x300.jpg 240w, https:\/\/www.santaritadopassaquatro.sp.gov.br\/portal\/wp-content\/uploads\/2021\/09\/pilhas4-768x960.jpg 768w, https:\/\/www.santaritadopassaquatro.sp.gov.br\/portal\/wp-content\/uploads\/2021\/09\/pilhas4.jpg 1024w\" sizes=\"(max-width: 800px) 100vw, 800px\" \/> <img decoding=\"async\" class=\"aligncenter size-large wp-image-5309\" src=\"http:\/\/www.santaritadopassaquatro.sp.gov.br\/portal\/wp-content\/uploads\/2021\/09\/pilhas3-819x1024.jpg\" alt=\"\" width=\"800\" height=\"1000\" srcset=\"https:\/\/www.santaritadopassaquatro.sp.gov.br\/portal\/wp-content\/uploads\/2021\/09\/pilhas3-819x1024.jpg 819w, https:\/\/www.santaritadopassaquatro.sp.gov.br\/portal\/wp-content\/uploads\/2021\/09\/pilhas3-240x300.jpg 240w, https:\/\/www.santaritadopassaquatro.sp.gov.br\/portal\/wp-content\/uploads\/2021\/09\/pilhas3-768x960.jpg 768w, https:\/\/www.santaritadopassaquatro.sp.gov.br\/portal\/wp-content\/uploads\/2021\/09\/pilhas3.jpg 1024w\" sizes=\"(max-width: 800px) 100vw, 800px\" \/> <img decoding=\"async\" class=\"aligncenter size-large wp-image-5308\" src=\"http:\/\/www.santaritadopassaquatro.sp.gov.br\/portal\/wp-content\/uploads\/2021\/09\/pilhas2-1024x536.jpg\" alt=\"\" width=\"800\" height=\"419\" srcset=\"https:\/\/www.santaritadopassaquatro.sp.gov.br\/portal\/wp-content\/uploads\/2021\/09\/pilhas2-1024x536.jpg 1024w, https:\/\/www.santaritadopassaquatro.sp.gov.br\/portal\/wp-content\/uploads\/2021\/09\/pilhas2-300x157.jpg 300w, https:\/\/www.santaritadopassaquatro.sp.gov.br\/portal\/wp-content\/uploads\/2021\/09\/pilhas2-768x402.jpg 768w, https:\/\/www.santaritadopassaquatro.sp.gov.br\/portal\/wp-content\/uploads\/2021\/09\/pilhas2-390x205.jpg 390w, https:\/\/www.santaritadopassaquatro.sp.gov.br\/portal\/wp-content\/uploads\/2021\/09\/pilhas2.jpg 1200w\" sizes=\"(max-width: 800px) 100vw, 800px\" \/><\/p>\n","protected":false},"excerpt":{"rendered":"<p>Ap\u00f3s 3 semanas de instala\u00e7\u00e3o dos 20 coletores de pilhas e baterias, o munic\u00edpio de Santa Rita do Passa Quatro<\/p>\n","protected":false},"author":1,"featured_media":5307,"comment_status":"closed","ping_status":"open","sticky":false,"template":"","format":"standard","meta":{"footnotes":""},"categories":[53],"tags":[],"class_list":["post-5306","post","type-post","status-publish","format-standard","has-post-thumbnail","hentry","category-meio-ambiente"],"_links":{"self":[{"href":"https:\/\/www.santaritadopassaquatro.sp.gov.br\/portal\/wp-json\/wp\/v2\/posts\/5306","targetHints":{"allow":["GET"]}}],"collection":[{"href":"https:\/\/www.santaritadopassaquatro.sp.gov.br\/portal\/wp-json\/wp\/v2\/posts"}],"about":[{"href":"https:\/\/www.santaritadopassaquatro.sp.gov.br\/portal\/wp-json\/wp\/v2\/types\/post"}],"author":[{"embeddable":true,"href":"https:\/\/www.santaritadopassaquatro.sp.gov.br\/portal\/wp-json\/wp\/v2\/users\/1"}],"replies":[{"embeddable":true,"href":"https:\/\/www.santaritadopassaquatro.sp.gov.br\/portal\/wp-json\/wp\/v2\/comments?post=5306"}],"version-history":[{"count":1,"href":"https:\/\/www.santaritadopassaquatro.sp.gov.br\/portal\/wp-json\/wp\/v2\/posts\/5306\/revisions"}],"predecessor-version":[{"id":5311,"href":"https:\/\/www.santaritadopassaquatro.sp.gov.br\/portal\/wp-json\/wp\/v2\/posts\/5306\/revisions\/5311"}],"wp:featuredmedia":[{"embeddable":true,"href":"https:\/\/www.santaritadopassaquatro.sp.gov.br\/portal\/wp-json\/wp\/v2\/media\/5307"}],"wp:attachment":[{"href":"https:\/\/www.santaritadopassaquatro.sp.gov.br\/portal\/wp-json\/wp\/v2\/media?parent=5306"}],"wp:term":[{"taxonomy":"category","embeddable":true,"href":"https:\/\/www.santaritadopassaquatro.sp.gov.br\/portal\/wp-json\/wp\/v2\/categories?post=5306"},{"taxonomy":"post_tag","embeddable":true,"href":"https:\/\/www.santaritadopassaquatro.sp.gov.br\/portal\/wp-json\/wp\/v2\/tags?post=5306"}],"curies":[{"name":"wp","href":"https:\/\/api.w.org\/{rel}","templated":true}]}}