{"id":5324,"date":"2021-09-06T13:25:45","date_gmt":"2021-09-06T16:25:45","guid":{"rendered":"http:\/\/www.santaritadopassaquatro.sp.gov.br\/portal\/?p=5324"},"modified":"2021-09-06T13:26:26","modified_gmt":"2021-09-06T16:26:26","slug":"concurso-publico-de-provas-e-titulos-no-0012020","status":"publish","type":"post","link":"https:\/\/www.santaritadopassaquatro.sp.gov.br\/portal\/concurso-publico-de-provas-e-titulos-no-0012020\/","title":{"rendered":"CONCURSO P\u00daBLICO DE PROVAS E T\u00cdTULOS N\u00ba 001\/2020"},"content":{"rendered":"<p><strong><u>2\u00aa RERRATIFICA\u00c7\u00c3O DO EDITAL DE ABERTURA DAS INSCRI\u00c7\u00d5ES<\/u><\/strong><\/p>\n<p><strong>A Prefeitura Municipal de Santa Rita do Passa Quatro<\/strong>, atrav\u00e9s do Prefeito Municipal, no uso de suas atribui\u00e7\u00f5es que lhe s\u00e3o conferidas pela legisla\u00e7\u00e3o em vigor, RESOLVE RETIFICAR os itens abaixo e RATIFICAR os demais itens do edital:<\/p>\n<p>&nbsp;<\/p>\n<p>01 \u2013 O cronograma previsto no Anexo IV do Edital de Abertura de Inscri\u00e7\u00f5es, passa a constar da seguinte forma:<\/p>\n<p><strong>\u00a0<\/strong><\/p>\n<p><strong>ANEXO IV<\/strong><\/p>\n<p><strong>\u00a0<\/strong><\/p>\n<h1>CRONOGRAMA<\/h1>\n<p><strong>\u00a0<\/strong><\/p>\n<table style=\"width: 756px;\">\n<tbody>\n<tr>\n<td style=\"width: 567px;\">\n<p style=\"text-align: center;\"><strong>PROCEDIMENTO<\/strong><\/p>\n<\/td>\n<td style=\"width: 173px;\">\n<p style=\"text-align: center;\"><strong>DATAS<\/strong><\/p>\n<\/td>\n<\/tr>\n<tr>\n<td style=\"width: 567px;\">Divulga\u00e7\u00e3o\u00a0\u00a0\u00a0 da\u00a0\u00a0\u00a0 Retifica\u00e7\u00e3o\u00a0\u00a0\u00a0 da\u00a0\u00a0\u00a0 Rela\u00e7\u00e3o\u00a0\u00a0\u00a0 dos Candidatos\u00a0\u00a0\u00a0 Inscritos\u00a0\u00a0\u00a0 (se\u00a0\u00a0\u00a0 houver)\u00a0\u00a0\u00a0 Inscritos\u00a0\u00a0\u00a0 e<\/p>\n<p>Convoca\u00e7\u00e3o com indica\u00e7\u00e3o do local e hor\u00e1rio da realiza\u00e7\u00e3o das provas<\/td>\n<td style=\"width: 173px;\"><strong>\u00a0<\/strong><\/p>\n<p><strong>21\/09\/2021<\/strong><\/td>\n<\/tr>\n<tr>\n<td style=\"width: 567px;\">Realiza\u00e7\u00e3o das Provas Objetivas do 1\u00ba e 2\u00ba Per\u00edodo e entrega de T\u00edtulos<\/td>\n<td style=\"width: 173px;\"><strong>03\/10\/2021<\/strong><\/td>\n<\/tr>\n<tr>\n<td style=\"width: 567px;\">Divulga\u00e7\u00e3o de Gabarito das Provas Objetivas do 1\u00ba e 2\u00ba Per\u00edodo<\/td>\n<td style=\"width: 173px;\"><strong>04\/10\/2021<\/strong><\/td>\n<\/tr>\n<tr>\n<td style=\"width: 567px;\">Prazo de Recursos com rela\u00e7\u00e3o ao Gabarito das Provas Objetivasdo 1\u00ba e 2\u00ba Per\u00edodo<\/td>\n<td style=\"width: 173px;\"><strong>05 e 06\/10\/2021<\/strong><\/td>\n<\/tr>\n<tr>\n<td style=\"width: 567px;\">Divulga\u00e7\u00e3o do Julgamento dos Recursos<\/td>\n<td style=\"width: 173px;\"><strong>13\/10\/2021<\/strong><\/td>\n<\/tr>\n<tr>\n<td style=\"width: 567px;\">Divulga\u00e7\u00e3o da Retifica\u00e7\u00e3o e Homologa\u00e7\u00e3o do Gabarito (se houver), da Nota da Prova Objetiva e<\/p>\n<p>de T\u00edtulos<\/td>\n<td style=\"width: 173px;\"><strong>\u00a0<\/strong><\/p>\n<p><strong>19\/10\/2021<\/strong><\/td>\n<\/tr>\n<tr>\n<td style=\"width: 567px;\">Prazo de Recurso da Nota da Prova Objetiva e de T\u00edtulos<\/td>\n<td style=\"width: 173px;\"><strong>20 e 21\/10\/2021<\/strong><\/td>\n<\/tr>\n<tr>\n<td style=\"width: 567px;\"><strong>Publica\u00e7\u00e3o <\/strong>da Retifica\u00e7\u00e3o e\/ou Homologa\u00e7\u00e3o do Resultado Final e <strong>Publica\u00e7\u00e3o <\/strong>da Homologa\u00e7\u00e3o do<\/p>\n<p>Concurso P\u00fablico<\/td>\n<td style=\"width: 173px;\"><strong>\u00a0<\/strong><\/p>\n<p><strong>27\/10\/2021<\/strong><\/td>\n<\/tr>\n<\/tbody>\n<\/table>\n<p>&nbsp;<\/p>\n<p>02 \u2013 Os demais itens do edital de abertura das inscri\u00e7\u00f5es ficam ratificados.<\/p>\n<p>&nbsp;<\/p>\n<p>E, para que chegue ao conhecimento de todos, \u00e9 expedido o presente Edital.<\/p>\n<p>&nbsp;<\/p>\n<p>Santa Rita do Passo Quatro, 06 de setembro de 2021.<\/p>\n<p>&nbsp;<\/p>\n<p><strong>Marcelo Sim\u00e3o<\/strong><\/p>\n<p><strong>Prefeito Municipal<\/strong><\/p>\n","protected":false},"excerpt":{"rendered":"<p>2\u00aa RERRATIFICA\u00c7\u00c3O DO EDITAL DE ABERTURA DAS INSCRI\u00c7\u00d5ES A Prefeitura Municipal de Santa Rita do Passa Quatro, atrav\u00e9s do Prefeito<\/p>\n","protected":false},"author":1,"featured_media":0,"comment_status":"closed","ping_status":"open","sticky":false,"template":"","format":"standard","meta":{"footnotes":""},"categories":[61,28],"tags":[],"class_list":["post-5324","post","type-post","status-publish","format-standard","hentry","category-comunicados-importantes","category-educacao"],"_links":{"self":[{"href":"https:\/\/www.santaritadopassaquatro.sp.gov.br\/portal\/wp-json\/wp\/v2\/posts\/5324","targetHints":{"allow":["GET"]}}],"collection":[{"href":"https:\/\/www.santaritadopassaquatro.sp.gov.br\/portal\/wp-json\/wp\/v2\/posts"}],"about":[{"href":"https:\/\/www.santaritadopassaquatro.sp.gov.br\/portal\/wp-json\/wp\/v2\/types\/post"}],"author":[{"embeddable":true,"href":"https:\/\/www.santaritadopassaquatro.sp.gov.br\/portal\/wp-json\/wp\/v2\/users\/1"}],"replies":[{"embeddable":true,"href":"https:\/\/www.santaritadopassaquatro.sp.gov.br\/portal\/wp-json\/wp\/v2\/comments?post=5324"}],"version-history":[{"count":1,"href":"https:\/\/www.santaritadopassaquatro.sp.gov.br\/portal\/wp-json\/wp\/v2\/posts\/5324\/revisions"}],"predecessor-version":[{"id":5325,"href":"https:\/\/www.santaritadopassaquatro.sp.gov.br\/portal\/wp-json\/wp\/v2\/posts\/5324\/revisions\/5325"}],"wp:attachment":[{"href":"https:\/\/www.santaritadopassaquatro.sp.gov.br\/portal\/wp-json\/wp\/v2\/media?parent=5324"}],"wp:term":[{"taxonomy":"category","embeddable":true,"href":"https:\/\/www.santaritadopassaquatro.sp.gov.br\/portal\/wp-json\/wp\/v2\/categories?post=5324"},{"taxonomy":"post_tag","embeddable":true,"href":"https:\/\/www.santaritadopassaquatro.sp.gov.br\/portal\/wp-json\/wp\/v2\/tags?post=5324"}],"curies":[{"name":"wp","href":"https:\/\/api.w.org\/{rel}","templated":true}]}}