{"id":5363,"date":"2021-09-14T18:24:02","date_gmt":"2021-09-14T21:24:02","guid":{"rendered":"http:\/\/www.santaritadopassaquatro.sp.gov.br\/portal\/?p=5363"},"modified":"2021-09-14T18:26:41","modified_gmt":"2021-09-14T21:26:41","slug":"acao-intermunicipal-entre-os-municipios-de-santa-rita-do-passa-quatro-e-descalvado","status":"publish","type":"post","link":"https:\/\/www.santaritadopassaquatro.sp.gov.br\/portal\/acao-intermunicipal-entre-os-municipios-de-santa-rita-do-passa-quatro-e-descalvado\/","title":{"rendered":"A\u00e7\u00e3o Intermunicipal entre os munic\u00edpios de Santa Rita do Passa Quatro e Descalvado"},"content":{"rendered":"<p>No \u00faltimo dia 13 de setembro, segunda-feira, a equipe do Departamento de Agricultura e Meio Ambiente de Santa Rita do Passa Quatro, composta pelo diretor Germano Quaglio e do Gestor Ambiental Benedito de Souza Lopes Neto, visitou a equipe da Secretaria de Meio Ambiente e Recursos H\u00eddricos da cidade de Descalvado, para acompanh\u00e1-los em uma visita ao Viveiro Municipal do munic\u00edpio de Descalvado.<u><\/u><u><\/u><\/p>\n<p>O objetivo do encontro foi informar sobre gest\u00e3o, funcionamento e t\u00e9cnicas aplicadas em Viveiro, para a parceria entre os Viveiros Municipais, realizando troca de mudas, coleta de sementes, plantios e educa\u00e7\u00e3o ambiental.<\/p>\n<p style=\"text-align: center;\"><img decoding=\"async\" class=\"aligncenter size-large wp-image-5365\" src=\"http:\/\/www.santaritadopassaquatro.sp.gov.br\/portal\/wp-content\/uploads\/2021\/09\/viveiro-3-1024x576.jpg\" alt=\"\" width=\"800\" height=\"450\" srcset=\"https:\/\/www.santaritadopassaquatro.sp.gov.br\/portal\/wp-content\/uploads\/2021\/09\/viveiro-3-1024x576.jpg 1024w, https:\/\/www.santaritadopassaquatro.sp.gov.br\/portal\/wp-content\/uploads\/2021\/09\/viveiro-3-300x169.jpg 300w, https:\/\/www.santaritadopassaquatro.sp.gov.br\/portal\/wp-content\/uploads\/2021\/09\/viveiro-3-768x432.jpg 768w, https:\/\/www.santaritadopassaquatro.sp.gov.br\/portal\/wp-content\/uploads\/2021\/09\/viveiro-3.jpg 1280w\" sizes=\"(max-width: 800px) 100vw, 800px\" \/><\/p>\n","protected":false},"excerpt":{"rendered":"<p>No \u00faltimo dia 13 de setembro, segunda-feira, a equipe do Departamento de Agricultura e Meio Ambiente de Santa Rita do<\/p>\n","protected":false},"author":1,"featured_media":5364,"comment_status":"closed","ping_status":"open","sticky":false,"template":"","format":"standard","meta":{"footnotes":""},"categories":[53],"tags":[],"class_list":["post-5363","post","type-post","status-publish","format-standard","has-post-thumbnail","hentry","category-meio-ambiente"],"_links":{"self":[{"href":"https:\/\/www.santaritadopassaquatro.sp.gov.br\/portal\/wp-json\/wp\/v2\/posts\/5363","targetHints":{"allow":["GET"]}}],"collection":[{"href":"https:\/\/www.santaritadopassaquatro.sp.gov.br\/portal\/wp-json\/wp\/v2\/posts"}],"about":[{"href":"https:\/\/www.santaritadopassaquatro.sp.gov.br\/portal\/wp-json\/wp\/v2\/types\/post"}],"author":[{"embeddable":true,"href":"https:\/\/www.santaritadopassaquatro.sp.gov.br\/portal\/wp-json\/wp\/v2\/users\/1"}],"replies":[{"embeddable":true,"href":"https:\/\/www.santaritadopassaquatro.sp.gov.br\/portal\/wp-json\/wp\/v2\/comments?post=5363"}],"version-history":[{"count":1,"href":"https:\/\/www.santaritadopassaquatro.sp.gov.br\/portal\/wp-json\/wp\/v2\/posts\/5363\/revisions"}],"predecessor-version":[{"id":5366,"href":"https:\/\/www.santaritadopassaquatro.sp.gov.br\/portal\/wp-json\/wp\/v2\/posts\/5363\/revisions\/5366"}],"wp:featuredmedia":[{"embeddable":true,"href":"https:\/\/www.santaritadopassaquatro.sp.gov.br\/portal\/wp-json\/wp\/v2\/media\/5364"}],"wp:attachment":[{"href":"https:\/\/www.santaritadopassaquatro.sp.gov.br\/portal\/wp-json\/wp\/v2\/media?parent=5363"}],"wp:term":[{"taxonomy":"category","embeddable":true,"href":"https:\/\/www.santaritadopassaquatro.sp.gov.br\/portal\/wp-json\/wp\/v2\/categories?post=5363"},{"taxonomy":"post_tag","embeddable":true,"href":"https:\/\/www.santaritadopassaquatro.sp.gov.br\/portal\/wp-json\/wp\/v2\/tags?post=5363"}],"curies":[{"name":"wp","href":"https:\/\/api.w.org\/{rel}","templated":true}]}}