{"id":5384,"date":"2021-09-17T10:32:22","date_gmt":"2021-09-17T13:32:22","guid":{"rendered":"http:\/\/www.santaritadopassaquatro.sp.gov.br\/portal\/?p=5384"},"modified":"2021-09-17T10:32:22","modified_gmt":"2021-09-17T13:32:22","slug":"saiba-mais-sobre-a-atuacao-do-comdema-2","status":"publish","type":"post","link":"https:\/\/www.santaritadopassaquatro.sp.gov.br\/portal\/saiba-mais-sobre-a-atuacao-do-comdema-2\/","title":{"rendered":"Saiba Mais sobre a atua\u00e7\u00e3o do COMDEMA"},"content":{"rendered":"<p class=\"v1MsoNormal\">Conselho Municipal de Defesa do Meio Ambiente de Santa Rita do Passa Quatro (Comdema) est\u00e1 institu\u00eddo por Lei desde 7 de outubro de 2009 (Lei 2.849), desde ent\u00e3o vem discutindo as quest\u00f5es ambientais do munic\u00edpio e poss\u00edveis solu\u00e7\u00f5es para os problemas encontrados. Atualmente as reuni\u00f5es acontecem mensalmente, e contam com membros de diversas \u00e1reas de atua\u00e7\u00e3o do munic\u00edpio, seguindo o disposto da lei n\u00ba 3.102, de 16 de abril de 2013 que estabelece a seguinte forma\u00e7\u00e3o: um representante do Poder Executivo Municipal designado pelo prefeito; um representante da Pol\u00edcia Ambiental; representantes dos \u00d3rg\u00e3os do Executivo Municipal Meio Ambiente e Educa\u00e7\u00e3o; tr\u00eas representantes de setores organizados da sociedade, tais como de entidade civil criada com o objetivo de defesa de interesses de moradores de bairros, associa\u00e7\u00f5es do com\u00e9rcio, da ind\u00fastria, sindicatos, entidade de classe, associa\u00e7\u00e3o civil ligada \u00e0 defesa do meio ambiente ou escolhido entre cidad\u00e3os mais representativos da cidade que estejam envolvidos com quest\u00f5es ambientais, de entidades civis criadas com finalidade de defesa da qualidade do meio ambiente, de institui\u00e7\u00e3o de ensino comprometida com a quest\u00e3o ambiental, dos clubes de servi\u00e7os, etc; um representante da Ordem dos Advogados do Brasil.<u><\/u><u><\/u><\/p>\n<p class=\"v1MsoNormal\"><u><\/u>\u00a0<u><\/u><\/p>\n<p class=\"v1MsoNormal\">As pautas das reuni\u00f5es do ciclo 2021 foram compostas pelos temas: <u><\/u><u><\/u><\/p>\n<p class=\"v1MsoNormal\"><u><\/u>\u00a0<u><\/u><\/p>\n<p class=\"v1MsoNormal\">Reuni\u00e3o Ordin\u00e1ria 26\/04\/2021 <u><\/u><u><\/u><\/p>\n<p class=\"v1MsoNormal\">Apresenta\u00e7\u00e3o sobre o COMDEMA, prepara\u00e7\u00e3o do munic\u00edpio para o cumprimento das diretivas do Programa Munic\u00edpio Verde Azul de 2021, legisla\u00e7\u00f5es pertinentes ao COMDEMA e ao programa e elei\u00e7\u00e3o dos membros dirigentes.<u><\/u><u><\/u><\/p>\n<p class=\"v1MsoNormal\"><u><\/u>\u00a0<u><\/u><\/p>\n<p class=\"v1MsoNormal\">Reuni\u00e3o extraordin\u00e1ria 19\/05\/2021<u><\/u><u><\/u><\/p>\n<p class=\"v1MsoNormal\">Supress\u00e3o de \u00e1rvores nativas no per\u00edmetro urbano de Santa Rita do Passa Quatro, apresenta\u00e7\u00e3o da legisla\u00e7\u00e3o municipal e estadual em casos de maci\u00e7o de \u00e1rvores caracterizado como Cerrado e casos isolados com bioma caracterizado como Transi\u00e7\u00e3o Cerrado \u2013 Mata Atl\u00e2ntica.<u><\/u><u><\/u><\/p>\n<p class=\"v1MsoNormal\"><u><\/u>\u00a0<u><\/u><\/p>\n<p class=\"v1MsoNormal\">Reuni\u00e3o Ordin\u00e1ria 25\/05\/2021<u><\/u><u><\/u><\/p>\n<p class=\"v1MsoNormal\">Defini\u00e7\u00e3o das a\u00e7\u00f5es de educa\u00e7\u00e3o ambiental realizadas no m\u00eas de junho: Opera\u00e7\u00e3o Corta- Fogo, Coletores de Pilha e Projeto Destino Certo, abordando as diretivas do PMVA.<u><\/u><u><\/u><\/p>\n<p class=\"v1MsoNormal\"><u><\/u>\u00a0<u><\/u><\/p>\n<p class=\"v1MsoNormal\">Reuni\u00e3o Ordin\u00e1ria 29\/06\/2021<u><\/u><u><\/u><\/p>\n<p class=\"v1MsoNormal\">Presen\u00e7a do departamento de meio ambiente na reuni\u00e3o da CBH-Mogi e \u00e0 reuni\u00e3o do CONSEMA, a\u00e7\u00f5es realizadas da diretiva Uso do Solo e atualiza\u00e7\u00e3o sobre manuten\u00e7\u00e3o da \u00e1rea de TCRA.<u><\/u><u><\/u><\/p>\n<p class=\"v1MsoNormal\"><u><\/u>\u00a0<u><\/u><\/p>\n<p class=\"v1MsoNormal\">Reuni\u00e3o Ordin\u00e1ria 27\/07\/2021<u><\/u><u><\/u><\/p>\n<p class=\"v1MsoNormal\">Monitoramento das ETE&#8217;s e ETA do munic\u00edpio de Santa Rita do Passa Quatro, \u00e1rvores nativas e Audi\u00eancia P\u00fablica sobre Aterro Sanit\u00e1rio.<u><\/u><u><\/u><\/p>\n<p class=\"v1MsoNormal\"><u><\/u>\u00a0<u><\/u><\/p>\n<p class=\"v1MsoNormal\">Reuni\u00e3o Ordin\u00e1ria 02\/09\/2021<u><\/u><u><\/u><\/p>\n<p class=\"v1MsoNormal\">Apresenta\u00e7\u00e3o do Projeto renascentes do Passa Quatro, intensifica\u00e7\u00e3o das a\u00e7\u00f5es pertinentes \u00e0 queimada urbana e florestal e membros faltantes do conselho.<u><\/u><u><\/u><\/p>\n<p class=\"v1MsoNormal\"><u><\/u>\u00a0<u><\/u><\/p>\n<p class=\"v1MsoNormal\">Reuni\u00e3o Extraordin\u00e1ria 14\/09\/2021<u><\/u><u><\/u><\/p>\n<p class=\"v1MsoNormal\">Apresenta\u00e7\u00e3o dos documentos comprobat\u00f3rios do Programa Munic\u00edpio Verde azul ciclo 2020-2021, preenchimento do Plano de Gest\u00e3o Ambiental e proposi\u00e7\u00e3o de cronograma para substitui\u00e7\u00e3o de ve\u00edculos da frota municipal com a apresenta\u00e7\u00e3o do mesmo pela Garagem Municipal.<\/p>\n","protected":false},"excerpt":{"rendered":"<p>Conselho Municipal de Defesa do Meio Ambiente de Santa Rita do Passa Quatro (Comdema) est\u00e1 institu\u00eddo por Lei desde 7<\/p>\n","protected":false},"author":1,"featured_media":5385,"comment_status":"closed","ping_status":"open","sticky":false,"template":"","format":"standard","meta":{"footnotes":""},"categories":[53],"tags":[],"class_list":["post-5384","post","type-post","status-publish","format-standard","has-post-thumbnail","hentry","category-meio-ambiente"],"_links":{"self":[{"href":"https:\/\/www.santaritadopassaquatro.sp.gov.br\/portal\/wp-json\/wp\/v2\/posts\/5384","targetHints":{"allow":["GET"]}}],"collection":[{"href":"https:\/\/www.santaritadopassaquatro.sp.gov.br\/portal\/wp-json\/wp\/v2\/posts"}],"about":[{"href":"https:\/\/www.santaritadopassaquatro.sp.gov.br\/portal\/wp-json\/wp\/v2\/types\/post"}],"author":[{"embeddable":true,"href":"https:\/\/www.santaritadopassaquatro.sp.gov.br\/portal\/wp-json\/wp\/v2\/users\/1"}],"replies":[{"embeddable":true,"href":"https:\/\/www.santaritadopassaquatro.sp.gov.br\/portal\/wp-json\/wp\/v2\/comments?post=5384"}],"version-history":[{"count":1,"href":"https:\/\/www.santaritadopassaquatro.sp.gov.br\/portal\/wp-json\/wp\/v2\/posts\/5384\/revisions"}],"predecessor-version":[{"id":5386,"href":"https:\/\/www.santaritadopassaquatro.sp.gov.br\/portal\/wp-json\/wp\/v2\/posts\/5384\/revisions\/5386"}],"wp:featuredmedia":[{"embeddable":true,"href":"https:\/\/www.santaritadopassaquatro.sp.gov.br\/portal\/wp-json\/wp\/v2\/media\/5385"}],"wp:attachment":[{"href":"https:\/\/www.santaritadopassaquatro.sp.gov.br\/portal\/wp-json\/wp\/v2\/media?parent=5384"}],"wp:term":[{"taxonomy":"category","embeddable":true,"href":"https:\/\/www.santaritadopassaquatro.sp.gov.br\/portal\/wp-json\/wp\/v2\/categories?post=5384"},{"taxonomy":"post_tag","embeddable":true,"href":"https:\/\/www.santaritadopassaquatro.sp.gov.br\/portal\/wp-json\/wp\/v2\/tags?post=5384"}],"curies":[{"name":"wp","href":"https:\/\/api.w.org\/{rel}","templated":true}]}}