{"id":5420,"date":"2021-09-21T16:40:58","date_gmt":"2021-09-21T19:40:58","guid":{"rendered":"http:\/\/www.santaritadopassaquatro.sp.gov.br\/portal\/?p=5420"},"modified":"2021-09-21T16:40:58","modified_gmt":"2021-09-21T19:40:58","slug":"nova-etapa-do-projeto-renascentes-do-passa-quatro-em-comemoracao-ao-dia-da-arvore","status":"publish","type":"post","link":"https:\/\/www.santaritadopassaquatro.sp.gov.br\/portal\/nova-etapa-do-projeto-renascentes-do-passa-quatro-em-comemoracao-ao-dia-da-arvore\/","title":{"rendered":"Nova etapa do Projeto &#8220;Renascentes do Passa Quatro&#8221; em comemora\u00e7\u00e3o ao Dia da \u00c1rvore"},"content":{"rendered":"<p class=\"v1MsoNormal\">Ser\u00e1 realizado no dia 24 de setembro de 2021, um novo plantio em uma \u00e1rea de 2500m\u00b2 na APP do C\u00f3rrego Espraiada, com aproximadamente 417 mudas. <u><\/u><u><\/u><\/p>\n<p class=\"v1MsoNormal\">Ao longo da semana foi realizado cercamento de 240 metros, controle de formigas e preparo do ber\u00e7o de plantio, que receber\u00e1 mudas nativas como Ing\u00e1, Aroeira Pimenteira, Jenipapo, Emba\u00faba, Ip\u00ea Amarelo do Brejo, Guanandi, entre outras.<u><\/u><u><\/u><\/p>\n<p class=\"v1MsoNormal\">Participar\u00e3o do plantio alunos da APAE \u00a0do munic\u00edpio de Santa Rita Passa Quatro, al\u00e9m dos funcion\u00e1rios da COMASA e Prefeitura Municipal.<u><\/u><u><\/u><\/p>\n<p class=\"v1MsoNormal\">Essa \u00e9 a segunda etapa de uma s\u00e9rie de plantios que acontecer\u00e1 ao longo dos afluentes e C\u00f3rrego Passa Quatro, c\u00f3rrego de grande import\u00e2ncia para nosso munic\u00edpio pois abastece a Represa de Abastecimento P\u00fablico Passa Quatro.<\/p>\n<p style=\"text-align: center;\"><img decoding=\"async\" class=\"aligncenter size-large wp-image-5421\" src=\"http:\/\/www.santaritadopassaquatro.sp.gov.br\/portal\/wp-content\/uploads\/2021\/09\/prepara\u00e7\u00e3o-plantio-comasa-2-768x1024.jpg\" alt=\"\" width=\"768\" height=\"1024\" srcset=\"https:\/\/www.santaritadopassaquatro.sp.gov.br\/portal\/wp-content\/uploads\/2021\/09\/prepara\u00e7\u00e3o-plantio-comasa-2-768x1024.jpg 768w, https:\/\/www.santaritadopassaquatro.sp.gov.br\/portal\/wp-content\/uploads\/2021\/09\/prepara\u00e7\u00e3o-plantio-comasa-2-225x300.jpg 225w, https:\/\/www.santaritadopassaquatro.sp.gov.br\/portal\/wp-content\/uploads\/2021\/09\/prepara\u00e7\u00e3o-plantio-comasa-2.jpg 960w\" sizes=\"(max-width: 768px) 100vw, 768px\" \/><\/p>\n","protected":false},"excerpt":{"rendered":"<p>Ser\u00e1 realizado no dia 24 de setembro de 2021, um novo plantio em uma \u00e1rea de 2500m\u00b2 na APP do<\/p>\n","protected":false},"author":1,"featured_media":5422,"comment_status":"closed","ping_status":"open","sticky":false,"template":"","format":"standard","meta":{"footnotes":""},"categories":[53],"tags":[],"class_list":["post-5420","post","type-post","status-publish","format-standard","has-post-thumbnail","hentry","category-meio-ambiente"],"_links":{"self":[{"href":"https:\/\/www.santaritadopassaquatro.sp.gov.br\/portal\/wp-json\/wp\/v2\/posts\/5420","targetHints":{"allow":["GET"]}}],"collection":[{"href":"https:\/\/www.santaritadopassaquatro.sp.gov.br\/portal\/wp-json\/wp\/v2\/posts"}],"about":[{"href":"https:\/\/www.santaritadopassaquatro.sp.gov.br\/portal\/wp-json\/wp\/v2\/types\/post"}],"author":[{"embeddable":true,"href":"https:\/\/www.santaritadopassaquatro.sp.gov.br\/portal\/wp-json\/wp\/v2\/users\/1"}],"replies":[{"embeddable":true,"href":"https:\/\/www.santaritadopassaquatro.sp.gov.br\/portal\/wp-json\/wp\/v2\/comments?post=5420"}],"version-history":[{"count":1,"href":"https:\/\/www.santaritadopassaquatro.sp.gov.br\/portal\/wp-json\/wp\/v2\/posts\/5420\/revisions"}],"predecessor-version":[{"id":5423,"href":"https:\/\/www.santaritadopassaquatro.sp.gov.br\/portal\/wp-json\/wp\/v2\/posts\/5420\/revisions\/5423"}],"wp:featuredmedia":[{"embeddable":true,"href":"https:\/\/www.santaritadopassaquatro.sp.gov.br\/portal\/wp-json\/wp\/v2\/media\/5422"}],"wp:attachment":[{"href":"https:\/\/www.santaritadopassaquatro.sp.gov.br\/portal\/wp-json\/wp\/v2\/media?parent=5420"}],"wp:term":[{"taxonomy":"category","embeddable":true,"href":"https:\/\/www.santaritadopassaquatro.sp.gov.br\/portal\/wp-json\/wp\/v2\/categories?post=5420"},{"taxonomy":"post_tag","embeddable":true,"href":"https:\/\/www.santaritadopassaquatro.sp.gov.br\/portal\/wp-json\/wp\/v2\/tags?post=5420"}],"curies":[{"name":"wp","href":"https:\/\/api.w.org\/{rel}","templated":true}]}}