{"id":5427,"date":"2021-09-22T15:45:41","date_gmt":"2021-09-22T18:45:41","guid":{"rendered":"http:\/\/www.santaritadopassaquatro.sp.gov.br\/portal\/?p=5427"},"modified":"2021-09-22T15:46:08","modified_gmt":"2021-09-22T18:46:08","slug":"programa-de-coleta-seletiva","status":"publish","type":"post","link":"https:\/\/www.santaritadopassaquatro.sp.gov.br\/portal\/programa-de-coleta-seletiva\/","title":{"rendered":"PROGRAMA DE COLETA SELETIVA"},"content":{"rendered":"<p class=\"v1gmail-p1\"><span class=\"v1gmail-Apple-converted-space\">\u00a0<\/span>Este informativo foi criado para que a popula\u00e7\u00e3o possa entender mais sobre a nossa preocupa\u00e7\u00e3o com o lixo e tamb\u00e9m sobre a nossa coleta!<span class=\"v1gmail-Apple-converted-space\">\u00a0<\/span><\/p>\n<p class=\"v1gmail-p1\">Aten\u00e7\u00e3o para os dias de coleta de lixo org\u00e2nico e recicl\u00e1vel, pois a mesma ser\u00e1 realizada em dias diferentes.<\/p>\n<p class=\"v1gmail-p1\">VAMOS JUNTOS CUIDAR DA NOSSA QUERIDA SANTA RITA?!<span class=\"v1gmail-Apple-converted-space\">\u00a0<\/span><\/p>\n<p class=\"v1gmail-p1\">Santa Rita \u00e9 de cada um de n\u00f3s, \u00e9 a nossa casa, a sua casa.<span class=\"v1gmail-Apple-converted-space\">\u00a0<\/span><\/p>\n<p class=\"v1gmail-p1\">Colabore com os funcion\u00e1rios da Prefeitura Municipal, com a limpeza da cidade e com o meio ambiente onde vivemos.<\/p>\n<p class=\"v1gmail-p1\">N\u00e3o jogue lixo nas ruas ou estradas, jogue o lixo no lixo! Nossa cidade \u00e9 linda, e com todos colaborando, ficar\u00e1 mais linda ainda.<\/p>\n<p class=\"v1gmail-p1\">#santaritalimpaebonita #coletaseletiva #programadecoletaseletiva<span class=\"v1gmail-Apple-converted-space\">\u00a0<\/span><\/p>\n<p style=\"text-align: center;\"><img decoding=\"async\" class=\"aligncenter size-large wp-image-5428\" src=\"http:\/\/www.santaritadopassaquatro.sp.gov.br\/portal\/wp-content\/uploads\/2021\/09\/Publicac\u0327a\u0303o-Reciclagem-5-1-B2-1024x727.png\" alt=\"\" width=\"800\" height=\"568\" srcset=\"https:\/\/www.santaritadopassaquatro.sp.gov.br\/portal\/wp-content\/uploads\/2021\/09\/Publicac\u0327a\u0303o-Reciclagem-5-1-B2-1024x727.png 1024w, https:\/\/www.santaritadopassaquatro.sp.gov.br\/portal\/wp-content\/uploads\/2021\/09\/Publicac\u0327a\u0303o-Reciclagem-5-1-B2-300x213.png 300w, https:\/\/www.santaritadopassaquatro.sp.gov.br\/portal\/wp-content\/uploads\/2021\/09\/Publicac\u0327a\u0303o-Reciclagem-5-1-B2-768x545.png 768w\" sizes=\"(max-width: 800px) 100vw, 800px\" \/><img decoding=\"async\" class=\"aligncenter size-large wp-image-5429\" src=\"http:\/\/www.santaritadopassaquatro.sp.gov.br\/portal\/wp-content\/uploads\/2021\/09\/Publicac\u0327a\u0303o-Reciclagem-5-2B-1024x754.png\" alt=\"\" width=\"800\" height=\"589\" srcset=\"https:\/\/www.santaritadopassaquatro.sp.gov.br\/portal\/wp-content\/uploads\/2021\/09\/Publicac\u0327a\u0303o-Reciclagem-5-2B-1024x754.png 1024w, https:\/\/www.santaritadopassaquatro.sp.gov.br\/portal\/wp-content\/uploads\/2021\/09\/Publicac\u0327a\u0303o-Reciclagem-5-2B-300x221.png 300w, https:\/\/www.santaritadopassaquatro.sp.gov.br\/portal\/wp-content\/uploads\/2021\/09\/Publicac\u0327a\u0303o-Reciclagem-5-2B-768x565.png 768w\" sizes=\"(max-width: 800px) 100vw, 800px\" \/><\/p>\n","protected":false},"excerpt":{"rendered":"<p>\u00a0Este informativo foi criado para que a popula\u00e7\u00e3o possa entender mais sobre a nossa preocupa\u00e7\u00e3o com o lixo e tamb\u00e9m<\/p>\n","protected":false},"author":1,"featured_media":5430,"comment_status":"closed","ping_status":"open","sticky":false,"template":"","format":"standard","meta":{"footnotes":""},"categories":[48,53],"tags":[],"class_list":["post-5427","post","type-post","status-publish","format-standard","has-post-thumbnail","hentry","category-featured","category-meio-ambiente"],"_links":{"self":[{"href":"https:\/\/www.santaritadopassaquatro.sp.gov.br\/portal\/wp-json\/wp\/v2\/posts\/5427","targetHints":{"allow":["GET"]}}],"collection":[{"href":"https:\/\/www.santaritadopassaquatro.sp.gov.br\/portal\/wp-json\/wp\/v2\/posts"}],"about":[{"href":"https:\/\/www.santaritadopassaquatro.sp.gov.br\/portal\/wp-json\/wp\/v2\/types\/post"}],"author":[{"embeddable":true,"href":"https:\/\/www.santaritadopassaquatro.sp.gov.br\/portal\/wp-json\/wp\/v2\/users\/1"}],"replies":[{"embeddable":true,"href":"https:\/\/www.santaritadopassaquatro.sp.gov.br\/portal\/wp-json\/wp\/v2\/comments?post=5427"}],"version-history":[{"count":1,"href":"https:\/\/www.santaritadopassaquatro.sp.gov.br\/portal\/wp-json\/wp\/v2\/posts\/5427\/revisions"}],"predecessor-version":[{"id":5431,"href":"https:\/\/www.santaritadopassaquatro.sp.gov.br\/portal\/wp-json\/wp\/v2\/posts\/5427\/revisions\/5431"}],"wp:featuredmedia":[{"embeddable":true,"href":"https:\/\/www.santaritadopassaquatro.sp.gov.br\/portal\/wp-json\/wp\/v2\/media\/5430"}],"wp:attachment":[{"href":"https:\/\/www.santaritadopassaquatro.sp.gov.br\/portal\/wp-json\/wp\/v2\/media?parent=5427"}],"wp:term":[{"taxonomy":"category","embeddable":true,"href":"https:\/\/www.santaritadopassaquatro.sp.gov.br\/portal\/wp-json\/wp\/v2\/categories?post=5427"},{"taxonomy":"post_tag","embeddable":true,"href":"https:\/\/www.santaritadopassaquatro.sp.gov.br\/portal\/wp-json\/wp\/v2\/tags?post=5427"}],"curies":[{"name":"wp","href":"https:\/\/api.w.org\/{rel}","templated":true}]}}