{"id":5432,"date":"2021-09-23T12:45:50","date_gmt":"2021-09-23T15:45:50","guid":{"rendered":"http:\/\/www.santaritadopassaquatro.sp.gov.br\/portal\/?p=5432"},"modified":"2021-09-23T12:45:50","modified_gmt":"2021-09-23T15:45:50","slug":"departamento-de-agricultura-e-meio-ambiente-realiza-visita-tecnica-em-area-de-reflorestamento-em-local-de-atividade-mineraria-no-municipio","status":"publish","type":"post","link":"https:\/\/www.santaritadopassaquatro.sp.gov.br\/portal\/departamento-de-agricultura-e-meio-ambiente-realiza-visita-tecnica-em-area-de-reflorestamento-em-local-de-atividade-mineraria-no-municipio\/","title":{"rendered":"Departamento de Agricultura e Meio Ambiente realiza visita t\u00e9cnica em \u00e1rea de reflorestamento em local de atividade mineraria no munic\u00edpio"},"content":{"rendered":"<p>No dia 22 de setembro de 2021 a equipe do DAMA esteve presente na Extra\u00e7\u00e3o de Pedras Souza Lima para conferir o plantio realizado em maio de 2021, com mudas doadas pelo departamento e com intuito de cumprir um termo de ajuste de conduta necess\u00e1rio por lei para esse tipo de atividade.<\/p>\n<p>Foi observado no local que houve uma acomoda\u00e7\u00e3o de solo com forma\u00e7\u00e3o de taludes, evitando assim processos geodin\u00e2micos e eros\u00f5es no local. Vale salientar que o Departamento v\u00eam realizado essas doa\u00e7\u00f5es ao longo dos anos e acompanhando as \u00e1reas restauradas.<\/p>\n<p>Para os mun\u00edcipes interessados em receber orienta\u00e7\u00f5es t\u00e9cnicas sobre reflorestamento procurar o Departamento de Agricultura e Meio Ambiente atrav\u00e9s dos telefones: 3582-9004\/3582-9007<\/p>\n<p>#santarita #meioambiente #responsabilidadeambiental<\/p>\n<p style=\"text-align: center;\"><img decoding=\"async\" class=\"aligncenter size-large wp-image-5434\" src=\"http:\/\/www.santaritadopassaquatro.sp.gov.br\/portal\/wp-content\/uploads\/2021\/09\/dd258ed2-0e19-42e9-8847-327062b79f13-1024x536.jpg\" alt=\"\" width=\"800\" height=\"419\" srcset=\"https:\/\/www.santaritadopassaquatro.sp.gov.br\/portal\/wp-content\/uploads\/2021\/09\/dd258ed2-0e19-42e9-8847-327062b79f13-1024x536.jpg 1024w, https:\/\/www.santaritadopassaquatro.sp.gov.br\/portal\/wp-content\/uploads\/2021\/09\/dd258ed2-0e19-42e9-8847-327062b79f13-300x157.jpg 300w, https:\/\/www.santaritadopassaquatro.sp.gov.br\/portal\/wp-content\/uploads\/2021\/09\/dd258ed2-0e19-42e9-8847-327062b79f13-768x402.jpg 768w, https:\/\/www.santaritadopassaquatro.sp.gov.br\/portal\/wp-content\/uploads\/2021\/09\/dd258ed2-0e19-42e9-8847-327062b79f13-390x205.jpg 390w, https:\/\/www.santaritadopassaquatro.sp.gov.br\/portal\/wp-content\/uploads\/2021\/09\/dd258ed2-0e19-42e9-8847-327062b79f13.jpg 1200w\" sizes=\"(max-width: 800px) 100vw, 800px\" \/> <img decoding=\"async\" class=\"aligncenter size-large wp-image-5433\" src=\"http:\/\/www.santaritadopassaquatro.sp.gov.br\/portal\/wp-content\/uploads\/2021\/09\/b87eff97-dc88-472a-af88-409d9af12635-1024x536.jpg\" alt=\"\" width=\"800\" height=\"419\" srcset=\"https:\/\/www.santaritadopassaquatro.sp.gov.br\/portal\/wp-content\/uploads\/2021\/09\/b87eff97-dc88-472a-af88-409d9af12635-1024x536.jpg 1024w, https:\/\/www.santaritadopassaquatro.sp.gov.br\/portal\/wp-content\/uploads\/2021\/09\/b87eff97-dc88-472a-af88-409d9af12635-300x157.jpg 300w, https:\/\/www.santaritadopassaquatro.sp.gov.br\/portal\/wp-content\/uploads\/2021\/09\/b87eff97-dc88-472a-af88-409d9af12635-768x402.jpg 768w, https:\/\/www.santaritadopassaquatro.sp.gov.br\/portal\/wp-content\/uploads\/2021\/09\/b87eff97-dc88-472a-af88-409d9af12635-390x205.jpg 390w, https:\/\/www.santaritadopassaquatro.sp.gov.br\/portal\/wp-content\/uploads\/2021\/09\/b87eff97-dc88-472a-af88-409d9af12635.jpg 1200w\" sizes=\"(max-width: 800px) 100vw, 800px\" \/><\/p>\n<p>&nbsp;<\/p>\n","protected":false},"excerpt":{"rendered":"<p>No dia 22 de setembro de 2021 a equipe do DAMA esteve presente na Extra\u00e7\u00e3o de Pedras Souza Lima para<\/p>\n","protected":false},"author":1,"featured_media":5435,"comment_status":"closed","ping_status":"open","sticky":false,"template":"","format":"standard","meta":{"footnotes":""},"categories":[53],"tags":[],"class_list":["post-5432","post","type-post","status-publish","format-standard","has-post-thumbnail","hentry","category-meio-ambiente"],"_links":{"self":[{"href":"https:\/\/www.santaritadopassaquatro.sp.gov.br\/portal\/wp-json\/wp\/v2\/posts\/5432","targetHints":{"allow":["GET"]}}],"collection":[{"href":"https:\/\/www.santaritadopassaquatro.sp.gov.br\/portal\/wp-json\/wp\/v2\/posts"}],"about":[{"href":"https:\/\/www.santaritadopassaquatro.sp.gov.br\/portal\/wp-json\/wp\/v2\/types\/post"}],"author":[{"embeddable":true,"href":"https:\/\/www.santaritadopassaquatro.sp.gov.br\/portal\/wp-json\/wp\/v2\/users\/1"}],"replies":[{"embeddable":true,"href":"https:\/\/www.santaritadopassaquatro.sp.gov.br\/portal\/wp-json\/wp\/v2\/comments?post=5432"}],"version-history":[{"count":1,"href":"https:\/\/www.santaritadopassaquatro.sp.gov.br\/portal\/wp-json\/wp\/v2\/posts\/5432\/revisions"}],"predecessor-version":[{"id":5436,"href":"https:\/\/www.santaritadopassaquatro.sp.gov.br\/portal\/wp-json\/wp\/v2\/posts\/5432\/revisions\/5436"}],"wp:featuredmedia":[{"embeddable":true,"href":"https:\/\/www.santaritadopassaquatro.sp.gov.br\/portal\/wp-json\/wp\/v2\/media\/5435"}],"wp:attachment":[{"href":"https:\/\/www.santaritadopassaquatro.sp.gov.br\/portal\/wp-json\/wp\/v2\/media?parent=5432"}],"wp:term":[{"taxonomy":"category","embeddable":true,"href":"https:\/\/www.santaritadopassaquatro.sp.gov.br\/portal\/wp-json\/wp\/v2\/categories?post=5432"},{"taxonomy":"post_tag","embeddable":true,"href":"https:\/\/www.santaritadopassaquatro.sp.gov.br\/portal\/wp-json\/wp\/v2\/tags?post=5432"}],"curies":[{"name":"wp","href":"https:\/\/api.w.org\/{rel}","templated":true}]}}