{"id":5498,"date":"2021-10-05T12:57:48","date_gmt":"2021-10-05T15:57:48","guid":{"rendered":"http:\/\/www.santaritadopassaquatro.sp.gov.br\/portal\/?p=5498"},"modified":"2021-10-20T16:24:44","modified_gmt":"2021-10-20T19:24:44","slug":"dia-das-criancas-diversao-no-sitio-santa-angela","status":"publish","type":"post","link":"https:\/\/www.santaritadopassaquatro.sp.gov.br\/portal\/dia-das-criancas-diversao-no-sitio-santa-angela\/","title":{"rendered":"DIA DAS CRIAN\u00c7AS &#8211; DIVERS\u00c3O NO S\u00cdTIO SANTA \u00c2NGELA"},"content":{"rendered":"<p>O departamento de Assist\u00eancia Social, atrav\u00e9s do CRAS, promover\u00e1 no dia 12 de Outubro o dia das CRIAN\u00c7AS &#8211; divers\u00e3o no s\u00edtio Santa \u00c2ngela.<\/p>\n<p>Buscando promover a conviv\u00eancia e fortalecer as viv\u00eancia entre as crian\u00e7as de 05 a 12 anos.<\/p>\n<p>O evento contar\u00e1 com diversas atividades como: Farm Zoo, Sitio Paleontol\u00f3gico e Pic-nic.<\/p>\n<p>Devido a pandemia e observando todos os protocolos da sa\u00fade as vagas ser\u00e3o limitadas.<\/p>\n<p>O per\u00edodo de inscri\u00e7\u00e3o ser\u00e1 a partir de hoje, 28\/09, ao dia 08\/0, nos locais abaixo descrito:<\/p>\n<p>CRAS &#8211; Avenida Jos\u00e9 Ribeiro de Oliveira , 3231<br \/>\nFone 3582 2123<\/p>\n<p>Promo\u00e7\u00e3o Social &#8211; Avenida Severino Meirelles , 1761, Centro &#8211;<br \/>\n3584 7018<\/p>\n<p>Santa Cruz da Estrela:<br \/>\nRua Eug\u00eanio Anacleto R. Dias, 458. (Port\u00e3o lateral)<\/p>\n<p>Os crit\u00e9rios para inscri\u00e7\u00e3o s\u00e3o: ter de 5 a 12 anos e estarem inscritos no Cadastro \u00danico.<\/p>\n","protected":false},"excerpt":{"rendered":"<p>O departamento de Assist\u00eancia Social, atrav\u00e9s do CRAS, promover\u00e1 no dia 12 de Outubro o dia das CRIAN\u00c7AS &#8211; divers\u00e3o<\/p>\n","protected":false},"author":1,"featured_media":5499,"comment_status":"closed","ping_status":"open","sticky":false,"template":"","format":"standard","meta":{"footnotes":""},"categories":[43],"tags":[],"class_list":["post-5498","post","type-post","status-publish","format-standard","has-post-thumbnail","hentry","category-assistenciasocial"],"_links":{"self":[{"href":"https:\/\/www.santaritadopassaquatro.sp.gov.br\/portal\/wp-json\/wp\/v2\/posts\/5498","targetHints":{"allow":["GET"]}}],"collection":[{"href":"https:\/\/www.santaritadopassaquatro.sp.gov.br\/portal\/wp-json\/wp\/v2\/posts"}],"about":[{"href":"https:\/\/www.santaritadopassaquatro.sp.gov.br\/portal\/wp-json\/wp\/v2\/types\/post"}],"author":[{"embeddable":true,"href":"https:\/\/www.santaritadopassaquatro.sp.gov.br\/portal\/wp-json\/wp\/v2\/users\/1"}],"replies":[{"embeddable":true,"href":"https:\/\/www.santaritadopassaquatro.sp.gov.br\/portal\/wp-json\/wp\/v2\/comments?post=5498"}],"version-history":[{"count":1,"href":"https:\/\/www.santaritadopassaquatro.sp.gov.br\/portal\/wp-json\/wp\/v2\/posts\/5498\/revisions"}],"predecessor-version":[{"id":5500,"href":"https:\/\/www.santaritadopassaquatro.sp.gov.br\/portal\/wp-json\/wp\/v2\/posts\/5498\/revisions\/5500"}],"wp:featuredmedia":[{"embeddable":true,"href":"https:\/\/www.santaritadopassaquatro.sp.gov.br\/portal\/wp-json\/wp\/v2\/media\/5499"}],"wp:attachment":[{"href":"https:\/\/www.santaritadopassaquatro.sp.gov.br\/portal\/wp-json\/wp\/v2\/media?parent=5498"}],"wp:term":[{"taxonomy":"category","embeddable":true,"href":"https:\/\/www.santaritadopassaquatro.sp.gov.br\/portal\/wp-json\/wp\/v2\/categories?post=5498"},{"taxonomy":"post_tag","embeddable":true,"href":"https:\/\/www.santaritadopassaquatro.sp.gov.br\/portal\/wp-json\/wp\/v2\/tags?post=5498"}],"curies":[{"name":"wp","href":"https:\/\/api.w.org\/{rel}","templated":true}]}}