{"id":5537,"date":"2021-10-15T16:06:34","date_gmt":"2021-10-15T19:06:34","guid":{"rendered":"http:\/\/www.santaritadopassaquatro.sp.gov.br\/portal\/?p=5537"},"modified":"2021-10-18T13:06:55","modified_gmt":"2021-10-18T16:06:55","slug":"resolucao-dem-022019-lista-unica-creches-municipais-3","status":"publish","type":"post","link":"https:\/\/www.santaritadopassaquatro.sp.gov.br\/portal\/resolucao-dem-022019-lista-unica-creches-municipais-3\/","title":{"rendered":"RESOLU\u00c7\u00c3O DEM 02\/2019 \u2013 \u201cLISTA \u00daNICA\u201d CRECHES MUNICIPAIS"},"content":{"rendered":"<p><span class=\"fontstyle0\">10\u00aa CHAMADA PARA MATR\u00cdCULA 2021<\/span><\/p>\n<p><span class=\"fontstyle0\"><br \/>\n<\/span><span class=\"fontstyle2\">Os respons\u00e1veis pelas crian\u00e7as contempladas pelas vagas dever\u00e3o comparecer ao <\/span><span class=\"fontstyle0\">Departamento de<br \/>\nEduca\u00e7\u00e3o<\/span><span class=\"fontstyle2\">, no dia <\/span><span class=\"fontstyle0\">19\/10\/2021<\/span><span class=\"fontstyle2\">.O atendimento funcionar\u00e1 da seguinte maneira<\/span><\/p>\n<p>Baixe aqui o edital: <a href=\"http:\/\/www.santaritadopassaquatro.sp.gov.br\/portal\/wp-content\/uploads\/2021\/10\/10\u00aa-chamada-para-matr\u00edcula-2021-creches-municipais.pdf\" target=\"_blank\" rel=\"noopener\">10\u00aa chamada para matr\u00edcula 2021 creches municipais<\/a><\/p>\n","protected":false},"excerpt":{"rendered":"<p>10\u00aa CHAMADA PARA MATR\u00cdCULA 2021 Os respons\u00e1veis pelas crian\u00e7as contempladas pelas vagas dever\u00e3o comparecer ao Departamento de Educa\u00e7\u00e3o, no dia<\/p>\n","protected":false},"author":1,"featured_media":0,"comment_status":"closed","ping_status":"open","sticky":false,"template":"","format":"standard","meta":{"footnotes":""},"categories":[28],"tags":[],"class_list":["post-5537","post","type-post","status-publish","format-standard","hentry","category-educacao"],"_links":{"self":[{"href":"https:\/\/www.santaritadopassaquatro.sp.gov.br\/portal\/wp-json\/wp\/v2\/posts\/5537","targetHints":{"allow":["GET"]}}],"collection":[{"href":"https:\/\/www.santaritadopassaquatro.sp.gov.br\/portal\/wp-json\/wp\/v2\/posts"}],"about":[{"href":"https:\/\/www.santaritadopassaquatro.sp.gov.br\/portal\/wp-json\/wp\/v2\/types\/post"}],"author":[{"embeddable":true,"href":"https:\/\/www.santaritadopassaquatro.sp.gov.br\/portal\/wp-json\/wp\/v2\/users\/1"}],"replies":[{"embeddable":true,"href":"https:\/\/www.santaritadopassaquatro.sp.gov.br\/portal\/wp-json\/wp\/v2\/comments?post=5537"}],"version-history":[{"count":1,"href":"https:\/\/www.santaritadopassaquatro.sp.gov.br\/portal\/wp-json\/wp\/v2\/posts\/5537\/revisions"}],"predecessor-version":[{"id":5539,"href":"https:\/\/www.santaritadopassaquatro.sp.gov.br\/portal\/wp-json\/wp\/v2\/posts\/5537\/revisions\/5539"}],"wp:attachment":[{"href":"https:\/\/www.santaritadopassaquatro.sp.gov.br\/portal\/wp-json\/wp\/v2\/media?parent=5537"}],"wp:term":[{"taxonomy":"category","embeddable":true,"href":"https:\/\/www.santaritadopassaquatro.sp.gov.br\/portal\/wp-json\/wp\/v2\/categories?post=5537"},{"taxonomy":"post_tag","embeddable":true,"href":"https:\/\/www.santaritadopassaquatro.sp.gov.br\/portal\/wp-json\/wp\/v2\/tags?post=5537"}],"curies":[{"name":"wp","href":"https:\/\/api.w.org\/{rel}","templated":true}]}}