{"id":5553,"date":"2021-10-20T16:09:56","date_gmt":"2021-10-20T19:09:56","guid":{"rendered":"http:\/\/www.santaritadopassaquatro.sp.gov.br\/portal\/?p=5553"},"modified":"2021-10-20T16:09:56","modified_gmt":"2021-10-20T19:09:56","slug":"resolucao-dem-022019-lista-unica-creches-municipais-4","status":"publish","type":"post","link":"https:\/\/www.santaritadopassaquatro.sp.gov.br\/portal\/resolucao-dem-022019-lista-unica-creches-municipais-4\/","title":{"rendered":"RESOLU\u00c7\u00c3O DEM 02\/2019 \u2013 \u201cLISTA \u00daNICA\u201d CRECHES MUNICIPAIS"},"content":{"rendered":"<p>1<span class=\"fontstyle0\">1\u00aa CHAMADA PARA MATR\u00cdCULA 2021<\/span><\/p>\n<p><span class=\"fontstyle0\"><br \/>\n<\/span><span class=\"fontstyle2\">Os respons\u00e1veis pelas crian\u00e7as contempladas pelas vagas dever\u00e3o comparecer ao <\/span><span class=\"fontstyle0\">Departamento de<br \/>\nEduca\u00e7\u00e3o<\/span><span class=\"fontstyle2\">, no dia <\/span><span class=\"fontstyle0\">22\/10\/2021<\/span><span class=\"fontstyle2\">.O atendimento funcionar\u00e1 da seguinte maneira:<\/span><\/p>\n<p>Baixe o edital no link: <a href=\"http:\/\/www.santaritadopassaquatro.sp.gov.br\/portal\/wp-content\/uploads\/2021\/10\/11\u00aa-chamada-para-matr\u00edcula-2021-creches-municipais.pdf\" target=\"_blank\" rel=\"noopener\">11\u00aa chamada para matr\u00edcula 2021 creches municipais<\/a><\/p>\n","protected":false},"excerpt":{"rendered":"<p>11\u00aa CHAMADA PARA MATR\u00cdCULA 2021 Os respons\u00e1veis pelas crian\u00e7as contempladas pelas vagas dever\u00e3o comparecer ao Departamento de Educa\u00e7\u00e3o, no dia<\/p>\n","protected":false},"author":1,"featured_media":0,"comment_status":"closed","ping_status":"open","sticky":false,"template":"","format":"standard","meta":{"footnotes":""},"categories":[28],"tags":[],"class_list":["post-5553","post","type-post","status-publish","format-standard","hentry","category-educacao"],"_links":{"self":[{"href":"https:\/\/www.santaritadopassaquatro.sp.gov.br\/portal\/wp-json\/wp\/v2\/posts\/5553","targetHints":{"allow":["GET"]}}],"collection":[{"href":"https:\/\/www.santaritadopassaquatro.sp.gov.br\/portal\/wp-json\/wp\/v2\/posts"}],"about":[{"href":"https:\/\/www.santaritadopassaquatro.sp.gov.br\/portal\/wp-json\/wp\/v2\/types\/post"}],"author":[{"embeddable":true,"href":"https:\/\/www.santaritadopassaquatro.sp.gov.br\/portal\/wp-json\/wp\/v2\/users\/1"}],"replies":[{"embeddable":true,"href":"https:\/\/www.santaritadopassaquatro.sp.gov.br\/portal\/wp-json\/wp\/v2\/comments?post=5553"}],"version-history":[{"count":1,"href":"https:\/\/www.santaritadopassaquatro.sp.gov.br\/portal\/wp-json\/wp\/v2\/posts\/5553\/revisions"}],"predecessor-version":[{"id":5555,"href":"https:\/\/www.santaritadopassaquatro.sp.gov.br\/portal\/wp-json\/wp\/v2\/posts\/5553\/revisions\/5555"}],"wp:attachment":[{"href":"https:\/\/www.santaritadopassaquatro.sp.gov.br\/portal\/wp-json\/wp\/v2\/media?parent=5553"}],"wp:term":[{"taxonomy":"category","embeddable":true,"href":"https:\/\/www.santaritadopassaquatro.sp.gov.br\/portal\/wp-json\/wp\/v2\/categories?post=5553"},{"taxonomy":"post_tag","embeddable":true,"href":"https:\/\/www.santaritadopassaquatro.sp.gov.br\/portal\/wp-json\/wp\/v2\/tags?post=5553"}],"curies":[{"name":"wp","href":"https:\/\/api.w.org\/{rel}","templated":true}]}}