{"id":5612,"date":"2021-10-28T18:16:17","date_gmt":"2021-10-28T21:16:17","guid":{"rendered":"http:\/\/www.santaritadopassaquatro.sp.gov.br\/portal\/?p=5612"},"modified":"2021-10-28T18:16:17","modified_gmt":"2021-10-28T21:16:17","slug":"prefeitura-prorroga-prazo-para-adesao-ao-refis-ate-o-dia-20-de-dezembro","status":"publish","type":"post","link":"https:\/\/www.santaritadopassaquatro.sp.gov.br\/portal\/prefeitura-prorroga-prazo-para-adesao-ao-refis-ate-o-dia-20-de-dezembro\/","title":{"rendered":"PREFEITURA PRORROGA PRAZO PARA ADES\u00c3O AO REFIS AT\u00c9 O DIA 20 DE DEZEMBRO"},"content":{"rendered":"<p>Tendo em vista a grande procura pela ades\u00e3o ao Refinanciamento Fiscal \u2013 REFIS, a Prefeitura Municipal de Santa Rita do Passa Quatro prorrogou o prazo que venceria no pr\u00f3ximo dia 31 de outubro para o dia 20 de dezembro de 2021.<\/p>\n<p>O Refis \u00e9 um Programa de Recupera\u00e7\u00e3o Fiscal que possibilita que o mun\u00edcipe parcele os d\u00e9bitos em at\u00e9 98 vezes. Por\u00e9m, quem optar por pagar \u00e0 vista ter\u00e1 isen\u00e7\u00e3o de 100% do pagamento de multas e juros.<\/p>\n<p>O contribuinte pode fazer todo o processo de ades\u00e3o na procuradoria do munic\u00edpio, na Rua V\u00edctor Meirelles, 89, Centro.<\/p>\n<p>O novo Refis abrange somente d\u00e9bitos tribut\u00e1rios ou n\u00e3o tribut\u00e1rios, referentes ao IPTU (Imposto Predial e Territorial Urbano); ISSQN (Imposto Sobre Servi\u00e7os de Qualquer Natureza), taxas decorrentes do efetivo exerc\u00edcio do poder de pol\u00edcia administrativa, taxas referentes ao consumo de \u00e1gua e esgoto e determina\u00e7\u00f5es oriundas do Poder Judici\u00e1rio ou do Tribunal de Contas.<\/p>\n<p>O prazo de ades\u00e3o vai at\u00e9 o dia 20 de dezembro de 2021.<\/p>\n<p>N\u00c3O PERCA A CHANCE DE FICAR EM DIA COM A PREFEITURA!<\/p>\n","protected":false},"excerpt":{"rendered":"<p>Tendo em vista a grande procura pela ades\u00e3o ao Refinanciamento Fiscal \u2013 REFIS, a Prefeitura Municipal de Santa Rita do<\/p>\n","protected":false},"author":1,"featured_media":5613,"comment_status":"closed","ping_status":"open","sticky":false,"template":"","format":"standard","meta":{"footnotes":""},"categories":[45,48,49],"tags":[],"class_list":["post-5612","post","type-post","status-publish","format-standard","has-post-thumbnail","hentry","category-comunicado","category-featured","category-diversos"],"_links":{"self":[{"href":"https:\/\/www.santaritadopassaquatro.sp.gov.br\/portal\/wp-json\/wp\/v2\/posts\/5612","targetHints":{"allow":["GET"]}}],"collection":[{"href":"https:\/\/www.santaritadopassaquatro.sp.gov.br\/portal\/wp-json\/wp\/v2\/posts"}],"about":[{"href":"https:\/\/www.santaritadopassaquatro.sp.gov.br\/portal\/wp-json\/wp\/v2\/types\/post"}],"author":[{"embeddable":true,"href":"https:\/\/www.santaritadopassaquatro.sp.gov.br\/portal\/wp-json\/wp\/v2\/users\/1"}],"replies":[{"embeddable":true,"href":"https:\/\/www.santaritadopassaquatro.sp.gov.br\/portal\/wp-json\/wp\/v2\/comments?post=5612"}],"version-history":[{"count":1,"href":"https:\/\/www.santaritadopassaquatro.sp.gov.br\/portal\/wp-json\/wp\/v2\/posts\/5612\/revisions"}],"predecessor-version":[{"id":5614,"href":"https:\/\/www.santaritadopassaquatro.sp.gov.br\/portal\/wp-json\/wp\/v2\/posts\/5612\/revisions\/5614"}],"wp:featuredmedia":[{"embeddable":true,"href":"https:\/\/www.santaritadopassaquatro.sp.gov.br\/portal\/wp-json\/wp\/v2\/media\/5613"}],"wp:attachment":[{"href":"https:\/\/www.santaritadopassaquatro.sp.gov.br\/portal\/wp-json\/wp\/v2\/media?parent=5612"}],"wp:term":[{"taxonomy":"category","embeddable":true,"href":"https:\/\/www.santaritadopassaquatro.sp.gov.br\/portal\/wp-json\/wp\/v2\/categories?post=5612"},{"taxonomy":"post_tag","embeddable":true,"href":"https:\/\/www.santaritadopassaquatro.sp.gov.br\/portal\/wp-json\/wp\/v2\/tags?post=5612"}],"curies":[{"name":"wp","href":"https:\/\/api.w.org\/{rel}","templated":true}]}}