{"id":5630,"date":"2021-11-04T18:02:27","date_gmt":"2021-11-04T21:02:27","guid":{"rendered":"http:\/\/www.santaritadopassaquatro.sp.gov.br\/portal\/?p=5630"},"modified":"2021-11-04T18:02:27","modified_gmt":"2021-11-04T21:02:27","slug":"ciclistas-de-santa-rita-do-passa-quatro-percorrem-caminho-da-fe","status":"publish","type":"post","link":"https:\/\/www.santaritadopassaquatro.sp.gov.br\/portal\/ciclistas-de-santa-rita-do-passa-quatro-percorrem-caminho-da-fe\/","title":{"rendered":"Ciclistas de Santa Rita do Passa Quatro percorrem Caminho da F\u00e9"},"content":{"rendered":"<p>No \u00faltimo s\u00e1bado (30), v\u00e1rios ciclistas do munic\u00edpio de Santa Rita do Passa Quatro estiveram presentes na Feira do Produtor, durante o evento os ciclistas foram recepcionados pelo Prefeito Marcelo Sim\u00e3o e o Diretor do Departamento de Agricultura e Meio Ambiente Germano Quaglio, que desejaram uma boa viagem e refor\u00e7aram os votos de estima e considera\u00e7\u00e3o.<\/p>\n<p>Os ciclistas s\u00e3o exemplos de coletividade e mobilidade sustent\u00e1vel em nosso munic\u00edpio, atuando em diferentes \u00e1reas de nossa sociedade, contribuindo para que mais pessoas adotem a bicicleta como meio de transporte, diminuindo a emiss\u00e3o de gases de efeito estufa na atmosfera, contribuindo com a preserva\u00e7\u00e3o do meio ambiente.<\/p>\n<p style=\"text-align: center;\"><img decoding=\"async\" class=\"aligncenter size-large wp-image-5632\" src=\"http:\/\/www.santaritadopassaquatro.sp.gov.br\/portal\/wp-content\/uploads\/2021\/11\/bike02-1024x536.jpg\" alt=\"\" width=\"800\" height=\"419\" srcset=\"https:\/\/www.santaritadopassaquatro.sp.gov.br\/portal\/wp-content\/uploads\/2021\/11\/bike02-1024x536.jpg 1024w, https:\/\/www.santaritadopassaquatro.sp.gov.br\/portal\/wp-content\/uploads\/2021\/11\/bike02-300x157.jpg 300w, https:\/\/www.santaritadopassaquatro.sp.gov.br\/portal\/wp-content\/uploads\/2021\/11\/bike02-768x402.jpg 768w, https:\/\/www.santaritadopassaquatro.sp.gov.br\/portal\/wp-content\/uploads\/2021\/11\/bike02-390x205.jpg 390w, https:\/\/www.santaritadopassaquatro.sp.gov.br\/portal\/wp-content\/uploads\/2021\/11\/bike02.jpg 1200w\" sizes=\"(max-width: 800px) 100vw, 800px\" \/><\/p>\n<p><img decoding=\"async\" class=\"aligncenter size-large wp-image-5633\" src=\"http:\/\/www.santaritadopassaquatro.sp.gov.br\/portal\/wp-content\/uploads\/2021\/11\/bike03-1024x536.jpg\" alt=\"\" width=\"800\" height=\"419\" srcset=\"https:\/\/www.santaritadopassaquatro.sp.gov.br\/portal\/wp-content\/uploads\/2021\/11\/bike03-1024x536.jpg 1024w, https:\/\/www.santaritadopassaquatro.sp.gov.br\/portal\/wp-content\/uploads\/2021\/11\/bike03-300x157.jpg 300w, https:\/\/www.santaritadopassaquatro.sp.gov.br\/portal\/wp-content\/uploads\/2021\/11\/bike03-768x402.jpg 768w, https:\/\/www.santaritadopassaquatro.sp.gov.br\/portal\/wp-content\/uploads\/2021\/11\/bike03-390x205.jpg 390w, https:\/\/www.santaritadopassaquatro.sp.gov.br\/portal\/wp-content\/uploads\/2021\/11\/bike03.jpg 1200w\" sizes=\"(max-width: 800px) 100vw, 800px\" \/><\/p>\n","protected":false},"excerpt":{"rendered":"<p>No \u00faltimo s\u00e1bado (30), v\u00e1rios ciclistas do munic\u00edpio de Santa Rita do Passa Quatro estiveram presentes na Feira do Produtor,<\/p>\n","protected":false},"author":1,"featured_media":5631,"comment_status":"closed","ping_status":"open","sticky":false,"template":"","format":"standard","meta":{"footnotes":""},"categories":[53],"tags":[],"class_list":["post-5630","post","type-post","status-publish","format-standard","has-post-thumbnail","hentry","category-meio-ambiente"],"_links":{"self":[{"href":"https:\/\/www.santaritadopassaquatro.sp.gov.br\/portal\/wp-json\/wp\/v2\/posts\/5630","targetHints":{"allow":["GET"]}}],"collection":[{"href":"https:\/\/www.santaritadopassaquatro.sp.gov.br\/portal\/wp-json\/wp\/v2\/posts"}],"about":[{"href":"https:\/\/www.santaritadopassaquatro.sp.gov.br\/portal\/wp-json\/wp\/v2\/types\/post"}],"author":[{"embeddable":true,"href":"https:\/\/www.santaritadopassaquatro.sp.gov.br\/portal\/wp-json\/wp\/v2\/users\/1"}],"replies":[{"embeddable":true,"href":"https:\/\/www.santaritadopassaquatro.sp.gov.br\/portal\/wp-json\/wp\/v2\/comments?post=5630"}],"version-history":[{"count":1,"href":"https:\/\/www.santaritadopassaquatro.sp.gov.br\/portal\/wp-json\/wp\/v2\/posts\/5630\/revisions"}],"predecessor-version":[{"id":5634,"href":"https:\/\/www.santaritadopassaquatro.sp.gov.br\/portal\/wp-json\/wp\/v2\/posts\/5630\/revisions\/5634"}],"wp:featuredmedia":[{"embeddable":true,"href":"https:\/\/www.santaritadopassaquatro.sp.gov.br\/portal\/wp-json\/wp\/v2\/media\/5631"}],"wp:attachment":[{"href":"https:\/\/www.santaritadopassaquatro.sp.gov.br\/portal\/wp-json\/wp\/v2\/media?parent=5630"}],"wp:term":[{"taxonomy":"category","embeddable":true,"href":"https:\/\/www.santaritadopassaquatro.sp.gov.br\/portal\/wp-json\/wp\/v2\/categories?post=5630"},{"taxonomy":"post_tag","embeddable":true,"href":"https:\/\/www.santaritadopassaquatro.sp.gov.br\/portal\/wp-json\/wp\/v2\/tags?post=5630"}],"curies":[{"name":"wp","href":"https:\/\/api.w.org\/{rel}","templated":true}]}}