{"id":5639,"date":"2021-11-04T18:08:47","date_gmt":"2021-11-04T21:08:47","guid":{"rendered":"http:\/\/www.santaritadopassaquatro.sp.gov.br\/portal\/?p=5639"},"modified":"2021-12-22T18:10:24","modified_gmt":"2021-12-22T21:10:24","slug":"chamamento-publico-lei-aldir-blanc","status":"publish","type":"post","link":"https:\/\/www.santaritadopassaquatro.sp.gov.br\/portal\/chamamento-publico-lei-aldir-blanc\/","title":{"rendered":"CHAMAMENTO P\u00daBLICO &#8211; lei Aldir Blanc"},"content":{"rendered":"<p><strong>A\u00e7\u00e3o emergencial para o setor cultural do Munic\u00edpio de santa rita do passa quatro<\/strong><\/p>\n<p><em>A Lei de Emerg\u00eancia Cultural Aldir Blanc, estabelece mecanismos e crit\u00e9rios para garantir apoio \u00e0s trabalhadoras e trabalhadores da cultura, bem como para espa\u00e7os culturais <\/em><em>que sofreram com impacto das medidas de distanciamento social<\/em><em> por for\u00e7a da pandemia causada pelo novo coronav\u00edrus<\/em><\/p>\n<p>A PREFEITURA DO MUNIC\u00cdPIO DE SANTA RITA DO PASSA QUATRO, POR MEIO DO DEPARTAMENTO DE TURISMO, CULTURA, ESPORTE E LAZER ABRE PROCEDIMENTO DE CHAMAMENTO P\u00daBLICO PARA ATENDIMENTO \u00c0 LEI FEDERAL DE EMERG\u00caNCIA CULTURAL ALDIR\u00a0\u00a0 BLANC\u00a0\u00a0 N\u00ba 14.017\/2020 A PARTIR DAS ALTERA\u00c7\u00d5ES PROVOCADAS\u00a0 PELA LEI 14.150\/2021, PARA OS MUNIC\u00cdPIOS QUE N\u00c3O CADASTRARAM PLANO DE A\u00c7\u00c3O EM 2020. A VERBA \u00c9 PROVENIENTE DO REPASSE FINANCEIRO DO MINIST\u00c9RIO DO TURISMO SOB O PLANO DE A\u00c7\u00c3O N\u00ba 07208420210001-005993, CUJO O VALOR TOTAL DESTINADO AO MUNIC\u00cdPIO \u00c9 DE R$ 214.405,13 E SER\u00c1 DISTRIBU\u00cdDA ENTRE 3 (TR\u00caS) EDITAIS.<\/p>\n<p>Antes de se inscreverem nos Editais da Lei Aldir Blanc, os interessados em receber o apoio de Emerg\u00eancia Cultural, devem estar inscritos no Cadastro Municipal de Cultural, que se encontra no link <a href=\"http:\/\/www.santaritadopassaquatro.sp.gov.br\/portal\/edital-de-chamamento-publico\/?fbclid=IwAR3zHFA7rqD1FoKk4-WI9K8HgnPmACIKQ9-a6hd1-yIMF2CcFFq_C9Z76UM\">http:\/\/www.santaritadopassaquatro.sp.gov.br\/portal\/edital-de-chamamento-publico\/?fbclid=IwAR3zHFA7rqD1FoKk4-WI9K8HgnPmACIKQ9-a6hd1-yIMF2CcFFq_C9Z76UM<\/a>. Caso ainda n\u00e3o esteja inscrito, providencie antes de iniciar a pr\u00f3xima etapa de inscri\u00e7\u00f5es no edital.<\/p>\n<p>&nbsp;<\/p>\n<p><strong>AS INSCRI\u00c7\u00d5ES PARA OS EDITAIS ACONTECEM DE 04 DE NOVEMBRO A 16 DE NOVEMBRO 2021<\/strong><\/p>\n<ol>\n<li>Edital n\u00ba 001 \/2021 Sele\u00e7\u00e3o e <strong>SUBS\u00cdDIO PARA ESPA\u00c7OS ART\u00cdSTICOS E CULTURAIS PROPONENTE JUR\u00cdDICO <\/strong>tem por finalidade selecionar espa\u00e7os art\u00edsticos e culturais, microempresas e pequenas empresas culturais, cooperativas, institui\u00e7\u00f5es e organiza\u00e7\u00f5es culturais comunit\u00e1rias, que tiveram as suas \u00a0atividades interrompidas por for\u00e7a das medidas de isolamento social e oferecer subs\u00eddio, de acordo com crit\u00e9rios estabelecidos no presente Os espa\u00e7os fixos ou itinerantes devem comprovar sua exist\u00eancia e atua\u00e7\u00e3o no Munic\u00edpio h\u00e1 pelo menos 12 (doze) meses da data da publica\u00e7\u00e3o da LEI 14.150\/2021 de 13 de maio de 2021.<br \/>\nLink:\u00a0<a href=\"http:\/\/www.santaritadopassaquatro.sp.gov.br\/portal\/wp-content\/uploads\/2021\/11\/LAB-Espa\u00e7os-papel-Timbrado.pdf\" target=\"_blank\" rel=\"noopener\">LAB Espa\u00e7os papel Timbrado<\/a><\/li>\n<li>Edital n\u00ba 002 \/2021 <strong>PREMIA\u00c7\u00c3O DE AGENTES CULTURAIS POR \u201cTRAJET\u00d3RIA CULTURAL\u201d<\/strong> PROPONENTE PESSOA F\u00cdSICA OU JUR\u00cdDICA tem por finalidade fomentar, valorizar, reconhecer e premiar de acordo com crit\u00e9rios estabelecidos no presente instrumento, Agentes Culturais, com e sem contrapartida que possuam hist\u00f3rico de atua\u00e7\u00e3o na cena cultural de Santa Rita do Passa Quatro prestando relevante contribui\u00e7\u00e3o\u00a0 ao desenvolvimento art\u00edstico ou cultural do munic\u00edpio e frui\u00e7\u00e3o cultural e que sejam residentes h\u00e1 pelo menos 12 (doze) meses da data da publica\u00e7\u00e3o da LEI 14.150\/2021 de 13 de maio de 2021.<br \/>\nLink:\u00a0<a href=\"http:\/\/www.santaritadopassaquatro.sp.gov.br\/portal\/wp-content\/uploads\/2021\/11\/LAB-Trajet\u00f3ria-Cultural-Papel-Timbrado.pdf\" target=\"_blank\" rel=\"noopener\">LAB Trajet\u00f3ria Cultural Papel Timbrado<\/a><\/li>\n<li>Edital n\u00ba 003 \/2021 <strong>PREMIA\u00c7\u00c3O DE \u201cPROJETOS ART\u00cdSTICOS &#8211; CULTURAIS\u201d<\/strong> PROPONENTE PESSOA JUR\u00cdDICA tem por finalidade fomentar, valorizar, reconhecer e premiar de acordo com crit\u00e9rios estabelecidos no presente instrumento, propostas de \u201cProjetos Artisticos-Culturais\u201d, a partir das mais variadas linguagens art\u00edsticas e formas de apresenta\u00e7\u00e3o, que sejam oferecidos gratuitamente e que abordem a\u00e7\u00f5es de democratiza\u00e7\u00e3o cultural \u00e0 popula\u00e7\u00e3o do Munic\u00edpio de Santa Rita do Passa Quatro e que sejam residentes h\u00e1 pelo menos 12 (doze) meses da data da publica\u00e7\u00e3o da LEI 14.150\/2021 de 13 de maio de 2021.<br \/>\nLink:\u00a0<a href=\"http:\/\/www.santaritadopassaquatro.sp.gov.br\/portal\/wp-content\/uploads\/2021\/11\/LAB-Projeto-Artistico-Cultural-Papel-timbrado.pdf\" target=\"_blank\" rel=\"noopener\">LAB Projeto Artistico Cultural Papel timbrado<\/a><\/li>\n<\/ol>\n<p>&nbsp;<\/p>\n<p><strong>QUEM <u>N\u00c3O<\/u> PODE SE INSCREVER NOS EDITAIS DA LEI ALDIR BLANC DO MUNIC\u00cdPIO DE SANTA RITA DO PASSA QUATRO?<\/strong><\/p>\n<ul>\n<li><strong>Proponentes menores de 18 anos;<\/strong><\/li>\n<li>Proponentes e Integrantes que sejam Agentes P\u00fablicos Municipais\/Servidores\/Funcion\u00e1rios, independentemente da rela\u00e7\u00e3o jur\u00eddica, inclusive os ocupantes de cargo ou fun\u00e7\u00e3o tempor\u00e1ria, cargo de comiss\u00e3o e os titulares de mandato eletivo, ou ainda aos que forem nomeados para a Comiss\u00e3o de Acompanhamento e Avalia\u00e7\u00e3o das A\u00e7\u00f5es da Lei Aldir Blanc, bem como a participa\u00e7\u00e3o de pessoa f\u00edsica ou jur\u00eddica que detenha e ou detiveram contrato de presta\u00e7\u00e3o de servi\u00e7o com estes p\u00fablicos desta municipalidade;<\/li>\n<li>Inscri\u00e7\u00e3o\/participa\u00e7\u00e3o de familiares at\u00e9 o segundo grau consangu\u00edneo de membros da Comiss\u00e3o de Acompanhamento e Avalia\u00e7\u00e3o das A\u00e7\u00f5es da Lei Aldir Blanc;<\/li>\n<li>Proponentes e Integrantes que n\u00e3o residam no Munic\u00edpio de Santa Rita do Passa Quatro ou que estejam residindo a menos de 1 ano, a contar da data de publica\u00e7\u00e3o da Lei 150\/2021 de 13 de maio de 2021;<\/li>\n<li>Proponentes com propostas ou projetos j\u00e1 contemplados anteriormente nas esferas Municipal, Estadual ou Federal pela Lei Aldir Blanc 2.020;<\/li>\n<li>Propostas de Proponentes que tenha iniciado sua Trajet\u00f3ria Cultural ap\u00f3s a data da publica\u00e7\u00e3o da LEI 14.150\/2021 de 13 de maio de 2021<\/li>\n<li>N\u00e3o podem receber o subs\u00eddio, os espa\u00e7os culturais criados pela administra\u00e7\u00e3o p\u00fablica de qualquer esfera ou vinculados a ela, bem como a espa\u00e7os culturais vinculados a funda\u00e7\u00f5es, a institutos ou institui\u00e7\u00f5es criados ou mantidos por grupos de empresas, a teatros e casas de espet\u00e1culos de divers\u00f5es com financiamento exclusivo de grupos empresariais e a espa\u00e7os geridos pelos servi\u00e7os sociais do Sistema S.<\/li>\n<\/ul>\n<p>OUTROS CRIT\u00c9RIOS DE PARTICIPA\u00c7\u00c3O E INFORMA\u00c7\u00d5ES SE ENCONTRAM DENTRO NOS REFERIDOS EDITAIS ACIMA<\/p>\n<p><strong><u>Leia-se Proponente:<\/u><\/strong> a pessoa f\u00edsica ou jur\u00eddica inscrita com 18 anos ou mais que assume a responsabilidade legal\u00a0 junto\u00a0 ao\u00a0 Departamento de Turismo, Cultura, Esporte e Lazer da Prefeitura Municipal de Santa Rita do Passa Quatro\u00a0 pela veracidade e\u00a0 autenticidade dos documentos apresentados no momento da inscri\u00e7\u00e3o, assim como\u00a0 pelo cumprimento das obriga\u00e7\u00f5es previstas nos Editais.<\/p>\n<p>&nbsp;<\/p>\n<p>D\u00favidas e informa\u00e7\u00f5es poder\u00e3o ser esclarecidas e\/ou obtidas junto ao Departamento de Turismo, Cultura, Esporte e Lazer, Rua Severino Meirelles, 896, Centro, das 8:00 as 11:00 ou das 13:00 as 17:00 ou por meio do endere\u00e7o eletr\u00f4nico <a href=\"mailto:srp4lab@yahoo.com.br\">srp4lab@yahoo.com.br<\/a><\/p>\n<p>&nbsp;<\/p>\n<p><strong>QUEM FOI ALDIR BLANC?<\/strong><\/p>\n<p>Autor de mais de 600 can\u00e7\u00f5es, Aldir Blanc Mendes nascido no Rio de Janeiro, 2 de setembro 1946 foi um dos compositores essenciais para a consolida\u00e7\u00e3o da MPB no pa\u00eds e no mundo.<\/p>\n<p>Nos anos 1960, Aldir dividia seu tempo entre a m\u00fasica e a medicina, curso em que se formaria com especialidade em psiquiatria. Foi nesta d\u00e9cada que ele participou de diversos festivais da can\u00e7\u00e3o, compondo m\u00fasicas interpretadas por Clara Nunes, Taiguara e Maria Creuza.<\/p>\n<p>No in\u00edcio dos anos 1970, abandonou a medicina para se dedicar exclusivamente \u00e0s artes. E foi nesta d\u00e9cada que ele comp\u00f4s o seu maior sucesso. Com a parceria de Jo\u00e3o Bosco e na voz de Elis Regina, o mundo conheceu\u00a0O\u00a0b\u00eabado e a equilibrista.<\/p>\n<p>Aldir Blanc faleceu aos 73 anos vitima da Covid 19 em 04 de maio de 2020.<\/p>\n<p>Cria-se ent\u00e3o a Lei de Emerg\u00eancia Cultural conhecida como \u201cLei Aldir Blanc\u201d, em homenagem ao compositor e letrista. A lei \u00e9 de autoria da parlamentar Benedita da Silva ( PT) e que foi aprovada na C\u00e2mara e no Senado em 24 de junho 2020.<\/p>\n<p><img decoding=\"async\" class=\"aligncenter wp-image-5643\" src=\"http:\/\/www.santaritadopassaquatro.sp.gov.br\/portal\/wp-content\/uploads\/2021\/11\/Aldir-Blanc.jpg\" alt=\"\" width=\"414\" height=\"234\" srcset=\"https:\/\/www.santaritadopassaquatro.sp.gov.br\/portal\/wp-content\/uploads\/2021\/11\/Aldir-Blanc.jpg 938w, https:\/\/www.santaritadopassaquatro.sp.gov.br\/portal\/wp-content\/uploads\/2021\/11\/Aldir-Blanc-300x170.jpg 300w, https:\/\/www.santaritadopassaquatro.sp.gov.br\/portal\/wp-content\/uploads\/2021\/11\/Aldir-Blanc-768x434.jpg 768w\" sizes=\"(max-width: 414px) 100vw, 414px\" \/><\/p>\n<p>&nbsp;<\/p>\n<p>&nbsp;<\/p>\n<ul>\n<li><a href=\"http:\/\/www.santaritadopassaquatro.sp.gov.br\/portal\/wp-content\/uploads\/2021\/11\/Inscritos-Edital-LAB-01-02-e-03.pdf\" target=\"_blank\" rel=\"noopener\">Inscritos Edital LAB 01 02 e 03<\/a><\/li>\n<li><a href=\"http:\/\/www.santaritadopassaquatro.sp.gov.br\/portal\/wp-content\/uploads\/2021\/11\/Retifica\u00e7\u00e3o-Edital-02-21-premia\u00e7\u00e3o-trajetoria-.pdf\" target=\"_blank\" rel=\"noopener\">Retifica\u00e7\u00e3o &#8211; Edital 02-21 &#8211; premia\u00e7\u00e3o trajetoria<\/a><\/li>\n<li><a href=\"http:\/\/www.santaritadopassaquatro.sp.gov.br\/portal\/wp-content\/uploads\/2021\/11\/SELECIONADOS-ESPA\u00c7O-ART\u00cdSTICO-E-CULTURAL.pdf\" target=\"_blank\" rel=\"noopener\">SELECIONADOS ESPA\u00c7O ART\u00cdSTICO E CULTURAL<\/a><\/li>\n<li><a href=\"http:\/\/www.santaritadopassaquatro.sp.gov.br\/portal\/wp-content\/uploads\/2021\/11\/SELECIONADOS-PROJETO-ARTISTICO-CULTURAL.pdf\" target=\"_blank\" rel=\"noopener\">SELECIONADOS PROJETO ARTISTICO CULTURAL<\/a><\/li>\n<li><a href=\"http:\/\/www.santaritadopassaquatro.sp.gov.br\/portal\/wp-content\/uploads\/2021\/11\/SELECIONADOS-TRAJET\u00d3RIA-CULTURA-SEM-E-COM-CONTRAPARTIDA.pdf\" target=\"_blank\" rel=\"noopener\">SELECIONADOS TRAJET\u00d3RIA CULTURA SEM E COM CONTRAPARTIDA<\/a><\/li>\n<li><a href=\"http:\/\/www.santaritadopassaquatro.sp.gov.br\/portal\/wp-content\/uploads\/2021\/11\/SELECIONADOS-ESPA\u00c7O-ART\u00cdSTICO-E-CULTURAL-retifica\u00e7\u00e3o.pdf\" target=\"_blank\" rel=\"noopener\">SELECIONADOS ESPA\u00c7O ART\u00cdSTICO E CULTURAL (retifica\u00e7\u00e3o)<\/a><\/li>\n<li><a href=\"http:\/\/www.santaritadopassaquatro.sp.gov.br\/portal\/wp-content\/uploads\/2021\/11\/NOVO-EDITAL-004-PROJETO-ART\u00cdSTICO-CULTURAL.pdf\" target=\"_blank\" rel=\"noopener\">NOVO EDITAL 004 PROJETO ART\u00cdSTICO-CULTURAL<\/a><\/li>\n<li><a href=\"http:\/\/www.santaritadopassaquatro.sp.gov.br\/portal\/wp-content\/uploads\/2021\/11\/Inscritos-edital-004.pdf\" target=\"_blank\" rel=\"noopener\">INSCRITOS EDITAL 004<\/a><\/li>\n<li><a href=\"http:\/\/www.santaritadopassaquatro.sp.gov.br\/portal\/wp-content\/uploads\/2021\/11\/Edital-004-Selecionados-Projeto-Art\u00edstico-Cultural.pdf\" target=\"_blank\" rel=\"noopener\">EDITAL 004 Selecionados Projeto Art\u00edstico-Cultural<\/a><\/li>\n<li><a href=\"http:\/\/www.santaritadopassaquatro.sp.gov.br\/portal\/wp-content\/uploads\/2021\/11\/Retifica\u00e7\u00e3o-SELECIONADO-P\u00f3s-Recurso-Edital-004-Projeto-Art\u00edstico-Cultural.pdf\" target=\"_blank\" rel=\"noopener\">RETIFICA\u00c7\u00c3O SELECIONADO P\u00f3s Recurso Edital 004 Projeto Art\u00edstico Cultural<\/a><\/li>\n<li><a href=\"http:\/\/www.santaritadopassaquatro.sp.gov.br\/portal\/wp-content\/uploads\/2021\/11\/Retifica\u00e7\u00e3o-valores-Edital-004-Projeto-Art\u00edstico-Cultural.pdf\" target=\"_blank\" rel=\"noopener\">RETIFICA\u00c7\u00c3O VALORES Edital 004 Projeto Art\u00edstico Cultural<\/a><\/li>\n<\/ul>\n<p>&nbsp;<\/p>\n","protected":false},"excerpt":{"rendered":"<p>A\u00e7\u00e3o emergencial para o setor cultural do Munic\u00edpio de santa rita do passa quatro A Lei de Emerg\u00eancia Cultural Aldir<\/p>\n","protected":false},"author":1,"featured_media":5640,"comment_status":"closed","ping_status":"open","sticky":false,"template":"","format":"standard","meta":{"footnotes":""},"categories":[46,48],"tags":[],"class_list":["post-5639","post","type-post","status-publish","format-standard","has-post-thumbnail","hentry","category-cultura","category-featured"],"_links":{"self":[{"href":"https:\/\/www.santaritadopassaquatro.sp.gov.br\/portal\/wp-json\/wp\/v2\/posts\/5639","targetHints":{"allow":["GET"]}}],"collection":[{"href":"https:\/\/www.santaritadopassaquatro.sp.gov.br\/portal\/wp-json\/wp\/v2\/posts"}],"about":[{"href":"https:\/\/www.santaritadopassaquatro.sp.gov.br\/portal\/wp-json\/wp\/v2\/types\/post"}],"author":[{"embeddable":true,"href":"https:\/\/www.santaritadopassaquatro.sp.gov.br\/portal\/wp-json\/wp\/v2\/users\/1"}],"replies":[{"embeddable":true,"href":"https:\/\/www.santaritadopassaquatro.sp.gov.br\/portal\/wp-json\/wp\/v2\/comments?post=5639"}],"version-history":[{"count":12,"href":"https:\/\/www.santaritadopassaquatro.sp.gov.br\/portal\/wp-json\/wp\/v2\/posts\/5639\/revisions"}],"predecessor-version":[{"id":5807,"href":"https:\/\/www.santaritadopassaquatro.sp.gov.br\/portal\/wp-json\/wp\/v2\/posts\/5639\/revisions\/5807"}],"wp:featuredmedia":[{"embeddable":true,"href":"https:\/\/www.santaritadopassaquatro.sp.gov.br\/portal\/wp-json\/wp\/v2\/media\/5640"}],"wp:attachment":[{"href":"https:\/\/www.santaritadopassaquatro.sp.gov.br\/portal\/wp-json\/wp\/v2\/media?parent=5639"}],"wp:term":[{"taxonomy":"category","embeddable":true,"href":"https:\/\/www.santaritadopassaquatro.sp.gov.br\/portal\/wp-json\/wp\/v2\/categories?post=5639"},{"taxonomy":"post_tag","embeddable":true,"href":"https:\/\/www.santaritadopassaquatro.sp.gov.br\/portal\/wp-json\/wp\/v2\/tags?post=5639"}],"curies":[{"name":"wp","href":"https:\/\/api.w.org\/{rel}","templated":true}]}}