{"id":5667,"date":"2021-11-09T17:56:33","date_gmt":"2021-11-09T20:56:33","guid":{"rendered":"http:\/\/www.santaritadopassaquatro.sp.gov.br\/portal\/?p=5667"},"modified":"2021-11-09T17:56:33","modified_gmt":"2021-11-09T20:56:33","slug":"plantio-na-emei-joao-baptista-rodrigues-ribaldo","status":"publish","type":"post","link":"https:\/\/www.santaritadopassaquatro.sp.gov.br\/portal\/plantio-na-emei-joao-baptista-rodrigues-ribaldo\/","title":{"rendered":"Plantio na EMEI &#8220;Jo\u00e3o Baptista Rodrigues Ribaldo&#8221;"},"content":{"rendered":"<p class=\"v1MsoNormal\">No dia 30 de setembro de 2021 os alunos da EMEI &#8220;Jo\u00e3o Baptista Ribaldo&#8221; receberam o Departamento de Agricultura e Meio Ambiente juntamente com os alunos do Projeto &#8220;\u00c1gua hoje&#8230; e amanh\u00e3?&#8221; da Escola T\u00e9cnica &#8220;Manoel dos Reis Ara\u00fajo&#8221; para realizar uma conscientiza\u00e7\u00e3o sobre a conserva\u00e7\u00e3o da \u00e1gua.<u><\/u><u><\/u><\/p>\n<p class=\"v1MsoNormal\">Os alunos do projeto passaram de sala em sala realizando a educa\u00e7\u00e3o ambiental dos alunos da creche atrav\u00e9s de desenhos para colorir com a\u00e7\u00f5es de boas pr\u00e1ticas ambientais. Ap\u00f3s a mini palestra foi realizado o plantio de 5 \u00e1rvores nativas que v\u00e3o integrar a \u00e1rea da creche, fazendo sombreamento e incentivando os alunos \u00e0 cuidar e monitorar o crescimento das mudas.<\/p>\n<p style=\"text-align: center;\"><img decoding=\"async\" class=\"aligncenter size-large wp-image-5672\" src=\"http:\/\/www.santaritadopassaquatro.sp.gov.br\/portal\/wp-content\/uploads\/2021\/11\/plantio-emei-1024x461.jpg\" alt=\"\" width=\"800\" height=\"360\" srcset=\"https:\/\/www.santaritadopassaquatro.sp.gov.br\/portal\/wp-content\/uploads\/2021\/11\/plantio-emei-1024x461.jpg 1024w, https:\/\/www.santaritadopassaquatro.sp.gov.br\/portal\/wp-content\/uploads\/2021\/11\/plantio-emei-300x135.jpg 300w, https:\/\/www.santaritadopassaquatro.sp.gov.br\/portal\/wp-content\/uploads\/2021\/11\/plantio-emei-768x346.jpg 768w, https:\/\/www.santaritadopassaquatro.sp.gov.br\/portal\/wp-content\/uploads\/2021\/11\/plantio-emei.jpg 1600w\" sizes=\"(max-width: 800px) 100vw, 800px\" \/> <img decoding=\"async\" class=\"aligncenter size-large wp-image-5671\" src=\"http:\/\/www.santaritadopassaquatro.sp.gov.br\/portal\/wp-content\/uploads\/2021\/11\/plantio-emei-5-1024x461.jpg\" alt=\"\" width=\"800\" height=\"360\" srcset=\"https:\/\/www.santaritadopassaquatro.sp.gov.br\/portal\/wp-content\/uploads\/2021\/11\/plantio-emei-5-1024x461.jpg 1024w, https:\/\/www.santaritadopassaquatro.sp.gov.br\/portal\/wp-content\/uploads\/2021\/11\/plantio-emei-5-300x135.jpg 300w, https:\/\/www.santaritadopassaquatro.sp.gov.br\/portal\/wp-content\/uploads\/2021\/11\/plantio-emei-5-768x346.jpg 768w, https:\/\/www.santaritadopassaquatro.sp.gov.br\/portal\/wp-content\/uploads\/2021\/11\/plantio-emei-5.jpg 1600w\" sizes=\"(max-width: 800px) 100vw, 800px\" \/> <img decoding=\"async\" class=\"aligncenter size-large wp-image-5669\" src=\"http:\/\/www.santaritadopassaquatro.sp.gov.br\/portal\/wp-content\/uploads\/2021\/11\/plantio-emei-3-1024x461.jpg\" alt=\"\" width=\"800\" height=\"360\" srcset=\"https:\/\/www.santaritadopassaquatro.sp.gov.br\/portal\/wp-content\/uploads\/2021\/11\/plantio-emei-3-1024x461.jpg 1024w, https:\/\/www.santaritadopassaquatro.sp.gov.br\/portal\/wp-content\/uploads\/2021\/11\/plantio-emei-3-300x135.jpg 300w, https:\/\/www.santaritadopassaquatro.sp.gov.br\/portal\/wp-content\/uploads\/2021\/11\/plantio-emei-3-768x346.jpg 768w, https:\/\/www.santaritadopassaquatro.sp.gov.br\/portal\/wp-content\/uploads\/2021\/11\/plantio-emei-3.jpg 1600w\" sizes=\"(max-width: 800px) 100vw, 800px\" \/> <img decoding=\"async\" class=\"aligncenter size-large wp-image-5668\" src=\"http:\/\/www.santaritadopassaquatro.sp.gov.br\/portal\/wp-content\/uploads\/2021\/11\/plantio-emei-2-1024x461.jpg\" alt=\"\" width=\"800\" height=\"360\" srcset=\"https:\/\/www.santaritadopassaquatro.sp.gov.br\/portal\/wp-content\/uploads\/2021\/11\/plantio-emei-2-1024x461.jpg 1024w, https:\/\/www.santaritadopassaquatro.sp.gov.br\/portal\/wp-content\/uploads\/2021\/11\/plantio-emei-2-300x135.jpg 300w, https:\/\/www.santaritadopassaquatro.sp.gov.br\/portal\/wp-content\/uploads\/2021\/11\/plantio-emei-2-768x346.jpg 768w, https:\/\/www.santaritadopassaquatro.sp.gov.br\/portal\/wp-content\/uploads\/2021\/11\/plantio-emei-2.jpg 1600w\" sizes=\"(max-width: 800px) 100vw, 800px\" \/><\/p>\n","protected":false},"excerpt":{"rendered":"<p>No dia 30 de setembro de 2021 os alunos da EMEI &#8220;Jo\u00e3o Baptista Ribaldo&#8221; receberam o Departamento de Agricultura e<\/p>\n","protected":false},"author":1,"featured_media":5670,"comment_status":"closed","ping_status":"open","sticky":false,"template":"","format":"standard","meta":{"footnotes":""},"categories":[53],"tags":[],"class_list":["post-5667","post","type-post","status-publish","format-standard","has-post-thumbnail","hentry","category-meio-ambiente"],"_links":{"self":[{"href":"https:\/\/www.santaritadopassaquatro.sp.gov.br\/portal\/wp-json\/wp\/v2\/posts\/5667","targetHints":{"allow":["GET"]}}],"collection":[{"href":"https:\/\/www.santaritadopassaquatro.sp.gov.br\/portal\/wp-json\/wp\/v2\/posts"}],"about":[{"href":"https:\/\/www.santaritadopassaquatro.sp.gov.br\/portal\/wp-json\/wp\/v2\/types\/post"}],"author":[{"embeddable":true,"href":"https:\/\/www.santaritadopassaquatro.sp.gov.br\/portal\/wp-json\/wp\/v2\/users\/1"}],"replies":[{"embeddable":true,"href":"https:\/\/www.santaritadopassaquatro.sp.gov.br\/portal\/wp-json\/wp\/v2\/comments?post=5667"}],"version-history":[{"count":1,"href":"https:\/\/www.santaritadopassaquatro.sp.gov.br\/portal\/wp-json\/wp\/v2\/posts\/5667\/revisions"}],"predecessor-version":[{"id":5673,"href":"https:\/\/www.santaritadopassaquatro.sp.gov.br\/portal\/wp-json\/wp\/v2\/posts\/5667\/revisions\/5673"}],"wp:featuredmedia":[{"embeddable":true,"href":"https:\/\/www.santaritadopassaquatro.sp.gov.br\/portal\/wp-json\/wp\/v2\/media\/5670"}],"wp:attachment":[{"href":"https:\/\/www.santaritadopassaquatro.sp.gov.br\/portal\/wp-json\/wp\/v2\/media?parent=5667"}],"wp:term":[{"taxonomy":"category","embeddable":true,"href":"https:\/\/www.santaritadopassaquatro.sp.gov.br\/portal\/wp-json\/wp\/v2\/categories?post=5667"},{"taxonomy":"post_tag","embeddable":true,"href":"https:\/\/www.santaritadopassaquatro.sp.gov.br\/portal\/wp-json\/wp\/v2\/tags?post=5667"}],"curies":[{"name":"wp","href":"https:\/\/api.w.org\/{rel}","templated":true}]}}